{"id":1335,"date":"2019-08-02T18:25:30","date_gmt":"2019-08-02T18:25:30","guid":{"rendered":"https:\/\/www.parafia.rudyszwald.pl\/?p=1335"},"modified":"2019-09-15T13:17:15","modified_gmt":"2019-09-15T13:17:15","slug":"szensztackie-siostry-maryi","status":"publish","type":"post","link":"https:\/\/www.parafia.rudyszwald.pl\/index.php\/2019\/08\/02\/szensztackie-siostry-maryi\/","title":{"rendered":"Szensztackie Siostry Maryi"},"content":{"rendered":"\n<hr class=\"wp-block-separator\"\/>\n\n\n\n<div style=\"height:20px\" aria-hidden=\"true\" class=\"wp-block-spacer\"><\/div>\n\n\n\n<p class=\"has-background has-very-light-gray-background-color\" style=\"text-align:justify\">Nasz\u0105 parafi\u0119 odwiedzi\u0142a siostra Kornelia ze zgromadzenia Szensztackich Si\u00f3str Maryi. Jej misja apostolska jest realizowana poprzez prac\u0119 formacyjn\u0105 w\u015br\u00f3d \u015bwieckich, szczeg\u00f3lnie dziewcz\u0105t, kobiet i rodzin. Ruch szensztacki czci bowiem Maryj\u0119 jako Matk\u0119 i Wychowawczyni\u0119. Jej tytu\u0142 Trzykro\u0107 Przedziwnej odnosi si\u0119 do Tr\u00f3jcy \u015awi\u0119tej i przypomina o tym, \u017ce Maryja jest c\u00f3rk\u0105 Boga Ojca, Matk\u0105 Syna Bo\u017cego i Oblubienic\u0105 Ducha \u015awi\u0119tego.<br><\/p>\n\n\n\n<p class=\"has-background has-very-light-gray-background-color\" style=\"text-align:justify\">Siostry s\u0105 kustoszkami czterech sanktuari\u00f3w: w Otwocku-\u015awidrze, w Winowie (Opole), na G\u00f3rze Che\u0142mskiej w Koszalinie i w Bydgoszczy.<br><\/p>\n\n\n\n<p class=\"has-background has-very-light-gray-background-color\" style=\"text-align:justify\">Zachecamy do pielgrzymowania do tych miejsc. Modl\u0105c si\u0119 w sanktuarium szensztackim mo\u017cna wyprosi\u0107 sobie i innym wiele \u0142ask, a szczeg\u00f3lnie trzy \u0142aski pielgrzymkowe:<\/br>&#8211; zadomowienia w Sercu Bo\u017cym,\n<\/br>&#8211; wewn\u0119trznej przemiany,\n<\/br>&#8211; zapa\u0142u apostolskiego w dawaniu \u015bwiadectwa o Chrystusie.<\/p>\n\n\n\n<figure class=\"wp-block-image\"><img decoding=\"async\" loading=\"lazy\" width=\"764\" height=\"1024\" src=\"https:\/\/www.parafia.rudyszwald.pl\/wp-content\/uploads\/2019\/08\/zdj\u0119cie-764x1024.jpg\" alt=\"\" class=\"wp-image-1336\" srcset=\"https:\/\/www.parafia.rudyszwald.pl\/wp-content\/uploads\/2019\/08\/zdj\u0119cie-764x1024.jpg 764w, https:\/\/www.parafia.rudyszwald.pl\/wp-content\/uploads\/2019\/08\/zdj\u0119cie-224x300.jpg 224w, https:\/\/www.parafia.rudyszwald.pl\/wp-content\/uploads\/2019\/08\/zdj\u0119cie-768x1030.jpg 768w, https:\/\/www.parafia.rudyszwald.pl\/wp-content\/uploads\/2019\/08\/zdj\u0119cie.jpg 1193w\" sizes=\"(max-width: 764px) 100vw, 764px\" \/><\/figure>\n\n\n\n<p>\u0179r\u00f3d\u0142a:<\/p>\n\n\n\n<p><a rel=\"noreferrer noopener\" aria-label=\"http:\/\/siostry.szensztat.pl\/sanktuarium (otwiera si\u0119 na nowej zak\u0142adce)\" href=\"http:\/\/siostry.szensztat.pl\/sanktuarium\/\" target=\"_blank\"><em>http:\/\/siostry.szensztat.pl\/sanktuarium<\/em><\/a><\/p>\n\n\n\n<p><em><a href=\"https:\/\/opoka.org.pl\/biblioteka\/T\/TS\/echo201842_nawiedzenia.html\" target=\"_blank\" rel=\"noreferrer noopener\" aria-label=\" (otwiera si\u0119 na nowej zak\u0142adce)\">https:\/\/opoka.org.pl\/biblioteka\/T\/TS\/echo201842_nawiedzenia.html<\/a><\/em><\/p>\n","protected":false},"excerpt":{"rendered":"<p>Nasz\u0105 parafi\u0119 odwiedzi\u0142a siostra Kornelia ze zgromadzenia Szensztackich Si\u00f3str Maryi. Jej misja apostolska jest realizowana poprzez prac\u0119 formacyjn\u0105 w\u015br\u00f3d \u015bwieckich, szczeg\u00f3lnie dziewcz\u0105t, kobiet i rodzin. Ruch szensztacki czci bowiem Maryj\u0119 jako Matk\u0119 i Wychowawczyni\u0119. Jej tytu\u0142 Trzykro\u0107 Przedziwnej odnosi si\u0119 do Tr\u00f3jcy \u015awi\u0119tej i przypomina o tym, \u017ce Maryja jest<\/p>\n<div class=\"belowpost\"><a class=\"btnmore icon-arrow\" href=\"https:\/\/www.parafia.rudyszwald.pl\/index.php\/2019\/08\/02\/szensztackie-siostry-maryi\/\"><span>Read More<\/span><\/a><\/div>\n","protected":false},"author":1,"featured_media":1337,"comment_status":"closed","ping_status":"closed","sticky":false,"template":"","format":"standard","meta":{"_exactmetrics_skip_tracking":false,"_exactmetrics_sitenote_active":false,"_exactmetrics_sitenote_note":"","_exactmetrics_sitenote_category":0,"ngg_post_thumbnail":0,"jetpack_publicize_message":"","jetpack_is_tweetstorm":false,"jetpack_publicize_feature_enabled":true,"jetpack_social_post_already_shared":false,"jetpack_social_options":[]},"categories":[1],"tags":[],"jetpack_publicize_connections":[],"yoast_head":"<!-- This site is optimized with the Yoast SEO plugin v19.11 - https:\/\/yoast.com\/wordpress\/plugins\/seo\/ -->\n<title>Szensztackie Siostry Maryi - Parafia Tr\u00f3jcy \u015awi\u0119tej w Rudyszwa\u0142dzie<\/title>\n<meta name=\"robots\" content=\"index, follow, max-snippet:-1, max-image-preview:large, max-video-preview:-1\" \/>\n<link rel=\"canonical\" href=\"https:\/\/www.parafia.rudyszwald.pl\/index.php\/2019\/08\/02\/szensztackie-siostry-maryi\/\" \/>\n<meta property=\"og:locale\" content=\"pl_PL\" \/>\n<meta property=\"og:type\" content=\"article\" \/>\n<meta property=\"og:title\" content=\"Szensztackie Siostry Maryi - Parafia Tr\u00f3jcy \u015awi\u0119tej w Rudyszwa\u0142dzie\" \/>\n<meta property=\"og:description\" content=\"Nasz\u0105 parafi\u0119 odwiedzi\u0142a siostra Kornelia ze zgromadzenia Szensztackich Si\u00f3str Maryi. Jej misja apostolska jest realizowana poprzez prac\u0119 formacyjn\u0105 w\u015br\u00f3d \u015bwieckich, szczeg\u00f3lnie dziewcz\u0105t, kobiet i rodzin. Ruch szensztacki czci bowiem Maryj\u0119 jako Matk\u0119 i Wychowawczyni\u0119. Jej tytu\u0142 Trzykro\u0107 Przedziwnej odnosi si\u0119 do Tr\u00f3jcy \u015awi\u0119tej i przypomina o tym, \u017ce Maryja jestRead More\" \/>\n<meta property=\"og:url\" content=\"https:\/\/www.parafia.rudyszwald.pl\/index.php\/2019\/08\/02\/szensztackie-siostry-maryi\/\" \/>\n<meta property=\"og:site_name\" content=\"Parafia Tr\u00f3jcy \u015awi\u0119tej w Rudyszwa\u0142dzie\" \/>\n<meta property=\"article:published_time\" content=\"2019-08-02T18:25:30+00:00\" \/>\n<meta property=\"article:modified_time\" content=\"2019-09-15T13:17:15+00:00\" \/>\n<meta property=\"og:image\" content=\"https:\/\/www.parafia.rudyszwald.pl\/wp-content\/uploads\/2019\/08\/show_img.jpeg\" \/>\n\t<meta property=\"og:image:width\" content=\"1054\" \/>\n\t<meta property=\"og:image:height\" content=\"686\" \/>\n\t<meta property=\"og:image:type\" content=\"image\/jpeg\" \/>\n<meta name=\"author\" content=\"autor\" \/>\n<meta name=\"twitter:card\" content=\"summary_large_image\" \/>\n<meta name=\"twitter:label1\" content=\"Napisane przez\" \/>\n\t<meta name=\"twitter:data1\" content=\"autor\" \/>\n\t<meta name=\"twitter:label2\" content=\"Szacowany czas czytania\" \/>\n\t<meta name=\"twitter:data2\" content=\"1 minuta\" \/>\n<script type=\"application\/ld+json\" class=\"yoast-schema-graph\">{\"@context\":\"https:\/\/schema.org\",\"@graph\":[{\"@type\":\"Article\",\"@id\":\"https:\/\/www.parafia.rudyszwald.pl\/index.php\/2019\/08\/02\/szensztackie-siostry-maryi\/#article\",\"isPartOf\":{\"@id\":\"https:\/\/www.parafia.rudyszwald.pl\/index.php\/2019\/08\/02\/szensztackie-siostry-maryi\/\"},\"author\":{\"name\":\"autor\",\"@id\":\"https:\/\/www.parafia.rudyszwald.pl\/#\/schema\/person\/eb159108ad8344c6f9788dffff106b65\"},\"headline\":\"Szensztackie Siostry Maryi\",\"datePublished\":\"2019-08-02T18:25:30+00:00\",\"dateModified\":\"2019-09-15T13:17:15+00:00\",\"mainEntityOfPage\":{\"@id\":\"https:\/\/www.parafia.rudyszwald.pl\/index.php\/2019\/08\/02\/szensztackie-siostry-maryi\/\"},\"wordCount\":159,\"publisher\":{\"@id\":\"https:\/\/www.parafia.rudyszwald.pl\/#organization\"},\"articleSection\":[\"wszystkie aktualno\u015bci\"],\"inLanguage\":\"pl-PL\"},{\"@type\":\"WebPage\",\"@id\":\"https:\/\/www.parafia.rudyszwald.pl\/index.php\/2019\/08\/02\/szensztackie-siostry-maryi\/\",\"url\":\"https:\/\/www.parafia.rudyszwald.pl\/index.php\/2019\/08\/02\/szensztackie-siostry-maryi\/\",\"name\":\"Szensztackie Siostry Maryi - Parafia Tr\u00f3jcy \u015awi\u0119tej w Rudyszwa\u0142dzie\",\"isPartOf\":{\"@id\":\"https:\/\/www.parafia.rudyszwald.pl\/#website\"},\"datePublished\":\"2019-08-02T18:25:30+00:00\",\"dateModified\":\"2019-09-15T13:17:15+00:00\",\"breadcrumb\":{\"@id\":\"https:\/\/www.parafia.rudyszwald.pl\/index.php\/2019\/08\/02\/szensztackie-siostry-maryi\/#breadcrumb\"},\"inLanguage\":\"pl-PL\",\"potentialAction\":[{\"@type\":\"ReadAction\",\"target\":[\"https:\/\/www.parafia.rudyszwald.pl\/index.php\/2019\/08\/02\/szensztackie-siostry-maryi\/\"]}]},{\"@type\":\"BreadcrumbList\",\"@id\":\"https:\/\/www.parafia.rudyszwald.pl\/index.php\/2019\/08\/02\/szensztackie-siostry-maryi\/#breadcrumb\",\"itemListElement\":[{\"@type\":\"ListItem\",\"position\":1,\"name\":\"Strona g\u0142\u00f3wna\",\"item\":\"https:\/\/www.parafia.rudyszwald.pl\/\"},{\"@type\":\"ListItem\",\"position\":2,\"name\":\"Szensztackie Siostry Maryi\"}]},{\"@type\":\"WebSite\",\"@id\":\"https:\/\/www.parafia.rudyszwald.pl\/#website\",\"url\":\"https:\/\/www.parafia.rudyszwald.pl\/\",\"name\":\"Parafia Tr\u00f3jcy \u015awi\u0119tej w Rudyszwa\u0142dzie\",\"description\":\"Parafia Rudyszwa\u0142d\",\"publisher\":{\"@id\":\"https:\/\/www.parafia.rudyszwald.pl\/#organization\"},\"potentialAction\":[{\"@type\":\"SearchAction\",\"target\":{\"@type\":\"EntryPoint\",\"urlTemplate\":\"https:\/\/www.parafia.rudyszwald.pl\/?s={search_term_string}\"},\"query-input\":\"required name=search_term_string\"}],\"inLanguage\":\"pl-PL\"},{\"@type\":\"Organization\",\"@id\":\"https:\/\/www.parafia.rudyszwald.pl\/#organization\",\"name\":\"Parafia Tr\u00f3jcy \u015awi\u0119tej w Rudyszwa\u0142dzie\",\"url\":\"https:\/\/www.parafia.rudyszwald.pl\/\",\"logo\":{\"@type\":\"ImageObject\",\"inLanguage\":\"pl-PL\",\"@id\":\"https:\/\/www.parafia.rudyszwald.pl\/#\/schema\/logo\/image\/\",\"url\":\"https:\/\/www.parafia.rudyszwald.pl\/wp-content\/uploads\/2019\/07\/IMG_1_DxO-copy-\u2014-kopia2-\u2014-kopia-2.jpg\",\"contentUrl\":\"https:\/\/www.parafia.rudyszwald.pl\/wp-content\/uploads\/2019\/07\/IMG_1_DxO-copy-\u2014-kopia2-\u2014-kopia-2.jpg\",\"width\":464,\"height\":711,\"caption\":\"Parafia Tr\u00f3jcy \u015awi\u0119tej w Rudyszwa\u0142dzie\"},\"image\":{\"@id\":\"https:\/\/www.parafia.rudyszwald.pl\/#\/schema\/logo\/image\/\"}},{\"@type\":\"Person\",\"@id\":\"https:\/\/www.parafia.rudyszwald.pl\/#\/schema\/person\/eb159108ad8344c6f9788dffff106b65\",\"name\":\"autor\",\"url\":\"https:\/\/www.parafia.rudyszwald.pl\/index.php\/author\/rudyszwald\/\"}]}<\/script>\n<!-- \/ Yoast SEO plugin. -->","yoast_head_json":{"title":"Szensztackie Siostry Maryi - Parafia Tr\u00f3jcy \u015awi\u0119tej w Rudyszwa\u0142dzie","robots":{"index":"index","follow":"follow","max-snippet":"max-snippet:-1","max-image-preview":"max-image-preview:large","max-video-preview":"max-video-preview:-1"},"canonical":"https:\/\/www.parafia.rudyszwald.pl\/index.php\/2019\/08\/02\/szensztackie-siostry-maryi\/","og_locale":"pl_PL","og_type":"article","og_title":"Szensztackie Siostry Maryi - Parafia Tr\u00f3jcy \u015awi\u0119tej w Rudyszwa\u0142dzie","og_description":"Nasz\u0105 parafi\u0119 odwiedzi\u0142a siostra Kornelia ze zgromadzenia Szensztackich Si\u00f3str Maryi. Jej misja apostolska jest realizowana poprzez prac\u0119 formacyjn\u0105 w\u015br\u00f3d \u015bwieckich, szczeg\u00f3lnie dziewcz\u0105t, kobiet i rodzin. Ruch szensztacki czci bowiem Maryj\u0119 jako Matk\u0119 i Wychowawczyni\u0119. Jej tytu\u0142 Trzykro\u0107 Przedziwnej odnosi si\u0119 do Tr\u00f3jcy \u015awi\u0119tej i przypomina o tym, \u017ce Maryja jestRead More","og_url":"https:\/\/www.parafia.rudyszwald.pl\/index.php\/2019\/08\/02\/szensztackie-siostry-maryi\/","og_site_name":"Parafia Tr\u00f3jcy \u015awi\u0119tej w Rudyszwa\u0142dzie","article_published_time":"2019-08-02T18:25:30+00:00","article_modified_time":"2019-09-15T13:17:15+00:00","og_image":[{"width":1054,"height":686,"url":"https:\/\/www.parafia.rudyszwald.pl\/wp-content\/uploads\/2019\/08\/show_img.jpeg","type":"image\/jpeg"}],"author":"autor","twitter_card":"summary_large_image","twitter_misc":{"Napisane przez":"autor","Szacowany czas czytania":"1 minuta"},"schema":{"@context":"https:\/\/schema.org","@graph":[{"@type":"Article","@id":"https:\/\/www.parafia.rudyszwald.pl\/index.php\/2019\/08\/02\/szensztackie-siostry-maryi\/#article","isPartOf":{"@id":"https:\/\/www.parafia.rudyszwald.pl\/index.php\/2019\/08\/02\/szensztackie-siostry-maryi\/"},"author":{"name":"autor","@id":"https:\/\/www.parafia.rudyszwald.pl\/#\/schema\/person\/eb159108ad8344c6f9788dffff106b65"},"headline":"Szensztackie Siostry Maryi","datePublished":"2019-08-02T18:25:30+00:00","dateModified":"2019-09-15T13:17:15+00:00","mainEntityOfPage":{"@id":"https:\/\/www.parafia.rudyszwald.pl\/index.php\/2019\/08\/02\/szensztackie-siostry-maryi\/"},"wordCount":159,"publisher":{"@id":"https:\/\/www.parafia.rudyszwald.pl\/#organization"},"articleSection":["wszystkie aktualno\u015bci"],"inLanguage":"pl-PL"},{"@type":"WebPage","@id":"https:\/\/www.parafia.rudyszwald.pl\/index.php\/2019\/08\/02\/szensztackie-siostry-maryi\/","url":"https:\/\/www.parafia.rudyszwald.pl\/index.php\/2019\/08\/02\/szensztackie-siostry-maryi\/","name":"Szensztackie Siostry Maryi - Parafia Tr\u00f3jcy \u015awi\u0119tej w Rudyszwa\u0142dzie","isPartOf":{"@id":"https:\/\/www.parafia.rudyszwald.pl\/#website"},"datePublished":"2019-08-02T18:25:30+00:00","dateModified":"2019-09-15T13:17:15+00:00","breadcrumb":{"@id":"https:\/\/www.parafia.rudyszwald.pl\/index.php\/2019\/08\/02\/szensztackie-siostry-maryi\/#breadcrumb"},"inLanguage":"pl-PL","potentialAction":[{"@type":"ReadAction","target":["https:\/\/www.parafia.rudyszwald.pl\/index.php\/2019\/08\/02\/szensztackie-siostry-maryi\/"]}]},{"@type":"BreadcrumbList","@id":"https:\/\/www.parafia.rudyszwald.pl\/index.php\/2019\/08\/02\/szensztackie-siostry-maryi\/#breadcrumb","itemListElement":[{"@type":"ListItem","position":1,"name":"Strona g\u0142\u00f3wna","item":"https:\/\/www.parafia.rudyszwald.pl\/"},{"@type":"ListItem","position":2,"name":"Szensztackie Siostry Maryi"}]},{"@type":"WebSite","@id":"https:\/\/www.parafia.rudyszwald.pl\/#website","url":"https:\/\/www.parafia.rudyszwald.pl\/","name":"Parafia Tr\u00f3jcy \u015awi\u0119tej w Rudyszwa\u0142dzie","description":"Parafia Rudyszwa\u0142d","publisher":{"@id":"https:\/\/www.parafia.rudyszwald.pl\/#organization"},"potentialAction":[{"@type":"SearchAction","target":{"@type":"EntryPoint","urlTemplate":"https:\/\/www.parafia.rudyszwald.pl\/?s={search_term_string}"},"query-input":"required name=search_term_string"}],"inLanguage":"pl-PL"},{"@type":"Organization","@id":"https:\/\/www.parafia.rudyszwald.pl\/#organization","name":"Parafia Tr\u00f3jcy \u015awi\u0119tej w Rudyszwa\u0142dzie","url":"https:\/\/www.parafia.rudyszwald.pl\/","logo":{"@type":"ImageObject","inLanguage":"pl-PL","@id":"https:\/\/www.parafia.rudyszwald.pl\/#\/schema\/logo\/image\/","url":"https:\/\/www.parafia.rudyszwald.pl\/wp-content\/uploads\/2019\/07\/IMG_1_DxO-copy-\u2014-kopia2-\u2014-kopia-2.jpg","contentUrl":"https:\/\/www.parafia.rudyszwald.pl\/wp-content\/uploads\/2019\/07\/IMG_1_DxO-copy-\u2014-kopia2-\u2014-kopia-2.jpg","width":464,"height":711,"caption":"Parafia Tr\u00f3jcy \u015awi\u0119tej w Rudyszwa\u0142dzie"},"image":{"@id":"https:\/\/www.parafia.rudyszwald.pl\/#\/schema\/logo\/image\/"}},{"@type":"Person","@id":"https:\/\/www.parafia.rudyszwald.pl\/#\/schema\/person\/eb159108ad8344c6f9788dffff106b65","name":"autor","url":"https:\/\/www.parafia.rudyszwald.pl\/index.php\/author\/rudyszwald\/"}]}},"jetpack_featured_media_url":"https:\/\/www.parafia.rudyszwald.pl\/wp-content\/uploads\/2019\/08\/show_img.jpeg","_links":{"self":[{"href":"https:\/\/www.parafia.rudyszwald.pl\/index.php\/wp-json\/wp\/v2\/posts\/1335"}],"collection":[{"href":"https:\/\/www.parafia.rudyszwald.pl\/index.php\/wp-json\/wp\/v2\/posts"}],"about":[{"href":"https:\/\/www.parafia.rudyszwald.pl\/index.php\/wp-json\/wp\/v2\/types\/post"}],"author":[{"embeddable":true,"href":"https:\/\/www.parafia.rudyszwald.pl\/index.php\/wp-json\/wp\/v2\/users\/1"}],"replies":[{"embeddable":true,"href":"https:\/\/www.parafia.rudyszwald.pl\/index.php\/wp-json\/wp\/v2\/comments?post=1335"}],"version-history":[{"count":8,"href":"https:\/\/www.parafia.rudyszwald.pl\/index.php\/wp-json\/wp\/v2\/posts\/1335\/revisions"}],"predecessor-version":[{"id":1527,"href":"https:\/\/www.parafia.rudyszwald.pl\/index.php\/wp-json\/wp\/v2\/posts\/1335\/revisions\/1527"}],"wp:featuredmedia":[{"embeddable":true,"href":"https:\/\/www.parafia.rudyszwald.pl\/index.php\/wp-json\/wp\/v2\/media\/1337"}],"wp:attachment":[{"href":"https:\/\/www.parafia.rudyszwald.pl\/index.php\/wp-json\/wp\/v2\/media?parent=1335"}],"wp:term":[{"taxonomy":"category","embeddable":true,"href":"https:\/\/www.parafia.rudyszwald.pl\/index.php\/wp-json\/wp\/v2\/categories?post=1335"},{"taxonomy":"post_tag","embeddable":true,"href":"https:\/\/www.parafia.rudyszwald.pl\/index.php\/wp-json\/wp\/v2\/tags?post=1335"}],"curies":[{"name":"wp","href":"https:\/\/api.w.org\/{rel}","templated":true}]}}