{"id":3977,"date":"2023-02-21T23:25:53","date_gmt":"2023-02-21T23:25:53","guid":{"rendered":"https:\/\/www.parafia.rudyszwald.pl\/?p=3977"},"modified":"2023-02-21T23:25:56","modified_gmt":"2023-02-21T23:25:56","slug":"prochem-jestes-i-w-proch-sie-obrocisz","status":"publish","type":"post","link":"https:\/\/www.parafia.rudyszwald.pl\/index.php\/2023\/02\/21\/prochem-jestes-i-w-proch-sie-obrocisz\/","title":{"rendered":"&#8222;Prochem jeste\u015b i w proch si\u0119 obr\u00f3cisz&#8221;"},"content":{"rendered":"\n<hr class=\"wp-block-separator has-alpha-channel-opacity\"\/>\n\n\n\n<div style=\"height:5px\" aria-hidden=\"true\" class=\"wp-block-spacer\"><\/div>\n\n\n\n<p class=\"has-background has-very-light-gray-background-color\" style=\"text-align:justify\">Rozpoczynamy kolejny Wielki Post w naszym \u017cyciu. B\u0119dzie to czas stawania w prawdzie przed samym sob\u0105, przed Bogiem. Czas otwierania si\u0119 na Bo\u017ce S\u0142owo. Warto u progu Wielkiego Postu zadba\u0107 o to, aby\u015bmy mieli mo\u017cliwo\u015b\u0107 w ciszy i skupieniu (z dala od zgie\u0142ku dnia codziennego) chocia\u017c kilka minut dziennie trwa\u0107 w blisko\u015bci z Panem Bogiem. Czy to na modlitwie, czy te\u017c wczytuj\u0105c si\u0119 w karty Pisma \u015awi\u0119tego. Czy w jeszcze innej formie&#8230;<\/br><\/br>Chciejmy w pokorze serca wej\u015b\u0107 w ten 40-dniowy okres (rekolekcji) i skorzysta\u0107 z \u0142ask jakimi nas Pan B\u00f3g stale obdarza. \n\nNiech inspiracj\u0105 do rozwa\u017ca\u0144 b\u0119d\u0105 m.in. materia\u0142y duszpasterskie dla rodzin na ten rok, zamieszczone na naszej stronie: <a href=\"https:\/\/www.parafia.rudyszwald.pl\/index.php\/materialy-dla-rodzin-wierze-w-kosciol-chrystusowy\/\">TUTAJ<\/a><\/br><\/p>\n\n\n\n<div style=\"height:5px\" aria-hidden=\"true\" class=\"wp-block-spacer\"><\/div>\n\n\n<div class=\"wp-block-image is-style-default\">\n<figure class=\"aligncenter size-medium\"><img decoding=\"async\" loading=\"lazy\" width=\"209\" height=\"300\" src=\"https:\/\/www.parafia.rudyszwald.pl\/wp-content\/uploads\/2023\/02\/beads-g0db04523d_640-209x300.jpg\" alt=\"\" class=\"wp-image-3981\" srcset=\"https:\/\/www.parafia.rudyszwald.pl\/wp-content\/uploads\/2023\/02\/beads-g0db04523d_640-209x300.jpg 209w, https:\/\/www.parafia.rudyszwald.pl\/wp-content\/uploads\/2023\/02\/beads-g0db04523d_640.jpg 446w\" sizes=\"(max-width: 209px) 100vw, 209px\" \/><\/figure><\/div>\n\n\n<div style=\"height:25px\" aria-hidden=\"true\" class=\"wp-block-spacer\"><\/div>\n\n\n\n<div class=\"is-content-justification-center is-layout-flex wp-container-1 wp-block-buttons\">\n<div class=\"wp-block-button is-style-outline\"><a class=\"wp-block-button__link wp-element-button\" href=\"https:\/\/www.parafia.rudyszwald.pl\/\">strona g\u0142\u00f3wna<\/a><\/div>\n<\/div>\n","protected":false},"excerpt":{"rendered":"<p>Rozpoczynamy kolejny Wielki Post w naszym \u017cyciu. B\u0119dzie to czas stawania w prawdzie przed samym sob\u0105, przed Bogiem. Czas otwierania si\u0119 na Bo\u017ce S\u0142owo. Warto u progu Wielkiego Postu zadba\u0107 o to, aby\u015bmy mieli mo\u017cliwo\u015b\u0107 w ciszy i skupieniu (z dala od zgie\u0142ku dnia codziennego) chocia\u017c kilka minut dziennie trwa\u0107<\/p>\n<div class=\"belowpost\"><a class=\"btnmore icon-arrow\" href=\"https:\/\/www.parafia.rudyszwald.pl\/index.php\/2023\/02\/21\/prochem-jestes-i-w-proch-sie-obrocisz\/\"><span>Read More<\/span><\/a><\/div>\n","protected":false},"author":1,"featured_media":3979,"comment_status":"closed","ping_status":"closed","sticky":false,"template":"","format":"standard","meta":{"_exactmetrics_skip_tracking":false,"_exactmetrics_sitenote_active":false,"_exactmetrics_sitenote_note":"","_exactmetrics_sitenote_category":0,"ngg_post_thumbnail":0,"jetpack_publicize_message":"","jetpack_is_tweetstorm":false,"jetpack_publicize_feature_enabled":true,"jetpack_social_post_already_shared":true,"jetpack_social_options":[]},"categories":[1],"tags":[],"jetpack_publicize_connections":[],"yoast_head":"<!-- This site is optimized with the Yoast SEO plugin v19.11 - https:\/\/yoast.com\/wordpress\/plugins\/seo\/ -->\n<title>&quot;Prochem jeste\u015b i w proch si\u0119 obr\u00f3cisz&quot; - Parafia Tr\u00f3jcy \u015awi\u0119tej w Rudyszwa\u0142dzie<\/title>\n<meta name=\"robots\" content=\"index, follow, max-snippet:-1, max-image-preview:large, max-video-preview:-1\" \/>\n<link rel=\"canonical\" href=\"https:\/\/www.parafia.rudyszwald.pl\/index.php\/2023\/02\/21\/prochem-jestes-i-w-proch-sie-obrocisz\/\" \/>\n<meta property=\"og:locale\" content=\"pl_PL\" \/>\n<meta property=\"og:type\" content=\"article\" \/>\n<meta property=\"og:title\" content=\"&quot;Prochem jeste\u015b i w proch si\u0119 obr\u00f3cisz&quot; - Parafia Tr\u00f3jcy \u015awi\u0119tej w Rudyszwa\u0142dzie\" \/>\n<meta property=\"og:description\" content=\"Rozpoczynamy kolejny Wielki Post w naszym \u017cyciu. B\u0119dzie to czas stawania w prawdzie przed samym sob\u0105, przed Bogiem. Czas otwierania si\u0119 na Bo\u017ce S\u0142owo. Warto u progu Wielkiego Postu zadba\u0107 o to, aby\u015bmy mieli mo\u017cliwo\u015b\u0107 w ciszy i skupieniu (z dala od zgie\u0142ku dnia codziennego) chocia\u017c kilka minut dziennie trwa\u0107Read More\" \/>\n<meta property=\"og:url\" content=\"https:\/\/www.parafia.rudyszwald.pl\/index.php\/2023\/02\/21\/prochem-jestes-i-w-proch-sie-obrocisz\/\" \/>\n<meta property=\"og:site_name\" content=\"Parafia Tr\u00f3jcy \u015awi\u0119tej w Rudyszwa\u0142dzie\" \/>\n<meta property=\"article:published_time\" content=\"2023-02-21T23:25:53+00:00\" \/>\n<meta property=\"article:modified_time\" content=\"2023-02-21T23:25:56+00:00\" \/>\n<meta property=\"og:image\" content=\"https:\/\/www.parafia.rudyszwald.pl\/wp-content\/uploads\/2023\/02\/file186.jpg\" \/>\n\t<meta property=\"og:image:width\" content=\"1024\" \/>\n\t<meta property=\"og:image:height\" content=\"604\" \/>\n\t<meta property=\"og:image:type\" content=\"image\/jpeg\" \/>\n<meta name=\"author\" content=\"autor\" \/>\n<meta name=\"twitter:card\" content=\"summary_large_image\" \/>\n<meta name=\"twitter:label1\" content=\"Napisane przez\" \/>\n\t<meta name=\"twitter:data1\" content=\"autor\" \/>\n\t<meta name=\"twitter:label2\" content=\"Szacowany czas czytania\" \/>\n\t<meta name=\"twitter:data2\" content=\"1 minuta\" \/>\n<script type=\"application\/ld+json\" class=\"yoast-schema-graph\">{\"@context\":\"https:\/\/schema.org\",\"@graph\":[{\"@type\":\"Article\",\"@id\":\"https:\/\/www.parafia.rudyszwald.pl\/index.php\/2023\/02\/21\/prochem-jestes-i-w-proch-sie-obrocisz\/#article\",\"isPartOf\":{\"@id\":\"https:\/\/www.parafia.rudyszwald.pl\/index.php\/2023\/02\/21\/prochem-jestes-i-w-proch-sie-obrocisz\/\"},\"author\":{\"name\":\"autor\",\"@id\":\"https:\/\/www.parafia.rudyszwald.pl\/#\/schema\/person\/eb159108ad8344c6f9788dffff106b65\"},\"headline\":\"&#8222;Prochem jeste\u015b i w proch si\u0119 obr\u00f3cisz&#8221;\",\"datePublished\":\"2023-02-21T23:25:53+00:00\",\"dateModified\":\"2023-02-21T23:25:56+00:00\",\"mainEntityOfPage\":{\"@id\":\"https:\/\/www.parafia.rudyszwald.pl\/index.php\/2023\/02\/21\/prochem-jestes-i-w-proch-sie-obrocisz\/\"},\"wordCount\":135,\"publisher\":{\"@id\":\"https:\/\/www.parafia.rudyszwald.pl\/#organization\"},\"articleSection\":[\"wszystkie aktualno\u015bci\"],\"inLanguage\":\"pl-PL\"},{\"@type\":\"WebPage\",\"@id\":\"https:\/\/www.parafia.rudyszwald.pl\/index.php\/2023\/02\/21\/prochem-jestes-i-w-proch-sie-obrocisz\/\",\"url\":\"https:\/\/www.parafia.rudyszwald.pl\/index.php\/2023\/02\/21\/prochem-jestes-i-w-proch-sie-obrocisz\/\",\"name\":\"\\\"Prochem jeste\u015b i w proch si\u0119 obr\u00f3cisz\\\" - Parafia Tr\u00f3jcy \u015awi\u0119tej w Rudyszwa\u0142dzie\",\"isPartOf\":{\"@id\":\"https:\/\/www.parafia.rudyszwald.pl\/#website\"},\"datePublished\":\"2023-02-21T23:25:53+00:00\",\"dateModified\":\"2023-02-21T23:25:56+00:00\",\"breadcrumb\":{\"@id\":\"https:\/\/www.parafia.rudyszwald.pl\/index.php\/2023\/02\/21\/prochem-jestes-i-w-proch-sie-obrocisz\/#breadcrumb\"},\"inLanguage\":\"pl-PL\",\"potentialAction\":[{\"@type\":\"ReadAction\",\"target\":[\"https:\/\/www.parafia.rudyszwald.pl\/index.php\/2023\/02\/21\/prochem-jestes-i-w-proch-sie-obrocisz\/\"]}]},{\"@type\":\"BreadcrumbList\",\"@id\":\"https:\/\/www.parafia.rudyszwald.pl\/index.php\/2023\/02\/21\/prochem-jestes-i-w-proch-sie-obrocisz\/#breadcrumb\",\"itemListElement\":[{\"@type\":\"ListItem\",\"position\":1,\"name\":\"Strona g\u0142\u00f3wna\",\"item\":\"https:\/\/www.parafia.rudyszwald.pl\/\"},{\"@type\":\"ListItem\",\"position\":2,\"name\":\"&#8222;Prochem jeste\u015b i w proch si\u0119 obr\u00f3cisz&#8221;\"}]},{\"@type\":\"WebSite\",\"@id\":\"https:\/\/www.parafia.rudyszwald.pl\/#website\",\"url\":\"https:\/\/www.parafia.rudyszwald.pl\/\",\"name\":\"Parafia Tr\u00f3jcy \u015awi\u0119tej w Rudyszwa\u0142dzie\",\"description\":\"Parafia Rudyszwa\u0142d\",\"publisher\":{\"@id\":\"https:\/\/www.parafia.rudyszwald.pl\/#organization\"},\"potentialAction\":[{\"@type\":\"SearchAction\",\"target\":{\"@type\":\"EntryPoint\",\"urlTemplate\":\"https:\/\/www.parafia.rudyszwald.pl\/?s={search_term_string}\"},\"query-input\":\"required name=search_term_string\"}],\"inLanguage\":\"pl-PL\"},{\"@type\":\"Organization\",\"@id\":\"https:\/\/www.parafia.rudyszwald.pl\/#organization\",\"name\":\"Parafia Tr\u00f3jcy \u015awi\u0119tej w Rudyszwa\u0142dzie\",\"url\":\"https:\/\/www.parafia.rudyszwald.pl\/\",\"logo\":{\"@type\":\"ImageObject\",\"inLanguage\":\"pl-PL\",\"@id\":\"https:\/\/www.parafia.rudyszwald.pl\/#\/schema\/logo\/image\/\",\"url\":\"https:\/\/www.parafia.rudyszwald.pl\/wp-content\/uploads\/2019\/07\/IMG_1_DxO-copy-\u2014-kopia2-\u2014-kopia-2.jpg\",\"contentUrl\":\"https:\/\/www.parafia.rudyszwald.pl\/wp-content\/uploads\/2019\/07\/IMG_1_DxO-copy-\u2014-kopia2-\u2014-kopia-2.jpg\",\"width\":464,\"height\":711,\"caption\":\"Parafia Tr\u00f3jcy \u015awi\u0119tej w Rudyszwa\u0142dzie\"},\"image\":{\"@id\":\"https:\/\/www.parafia.rudyszwald.pl\/#\/schema\/logo\/image\/\"}},{\"@type\":\"Person\",\"@id\":\"https:\/\/www.parafia.rudyszwald.pl\/#\/schema\/person\/eb159108ad8344c6f9788dffff106b65\",\"name\":\"autor\",\"url\":\"https:\/\/www.parafia.rudyszwald.pl\/index.php\/author\/rudyszwald\/\"}]}<\/script>\n<!-- \/ Yoast SEO plugin. -->","yoast_head_json":{"title":"\"Prochem jeste\u015b i w proch si\u0119 obr\u00f3cisz\" - Parafia Tr\u00f3jcy \u015awi\u0119tej w Rudyszwa\u0142dzie","robots":{"index":"index","follow":"follow","max-snippet":"max-snippet:-1","max-image-preview":"max-image-preview:large","max-video-preview":"max-video-preview:-1"},"canonical":"https:\/\/www.parafia.rudyszwald.pl\/index.php\/2023\/02\/21\/prochem-jestes-i-w-proch-sie-obrocisz\/","og_locale":"pl_PL","og_type":"article","og_title":"\"Prochem jeste\u015b i w proch si\u0119 obr\u00f3cisz\" - Parafia Tr\u00f3jcy \u015awi\u0119tej w Rudyszwa\u0142dzie","og_description":"Rozpoczynamy kolejny Wielki Post w naszym \u017cyciu. B\u0119dzie to czas stawania w prawdzie przed samym sob\u0105, przed Bogiem. Czas otwierania si\u0119 na Bo\u017ce S\u0142owo. Warto u progu Wielkiego Postu zadba\u0107 o to, aby\u015bmy mieli mo\u017cliwo\u015b\u0107 w ciszy i skupieniu (z dala od zgie\u0142ku dnia codziennego) chocia\u017c kilka minut dziennie trwa\u0107Read More","og_url":"https:\/\/www.parafia.rudyszwald.pl\/index.php\/2023\/02\/21\/prochem-jestes-i-w-proch-sie-obrocisz\/","og_site_name":"Parafia Tr\u00f3jcy \u015awi\u0119tej w Rudyszwa\u0142dzie","article_published_time":"2023-02-21T23:25:53+00:00","article_modified_time":"2023-02-21T23:25:56+00:00","og_image":[{"width":1024,"height":604,"url":"https:\/\/www.parafia.rudyszwald.pl\/wp-content\/uploads\/2023\/02\/file186.jpg","type":"image\/jpeg"}],"author":"autor","twitter_card":"summary_large_image","twitter_misc":{"Napisane przez":"autor","Szacowany czas czytania":"1 minuta"},"schema":{"@context":"https:\/\/schema.org","@graph":[{"@type":"Article","@id":"https:\/\/www.parafia.rudyszwald.pl\/index.php\/2023\/02\/21\/prochem-jestes-i-w-proch-sie-obrocisz\/#article","isPartOf":{"@id":"https:\/\/www.parafia.rudyszwald.pl\/index.php\/2023\/02\/21\/prochem-jestes-i-w-proch-sie-obrocisz\/"},"author":{"name":"autor","@id":"https:\/\/www.parafia.rudyszwald.pl\/#\/schema\/person\/eb159108ad8344c6f9788dffff106b65"},"headline":"&#8222;Prochem jeste\u015b i w proch si\u0119 obr\u00f3cisz&#8221;","datePublished":"2023-02-21T23:25:53+00:00","dateModified":"2023-02-21T23:25:56+00:00","mainEntityOfPage":{"@id":"https:\/\/www.parafia.rudyszwald.pl\/index.php\/2023\/02\/21\/prochem-jestes-i-w-proch-sie-obrocisz\/"},"wordCount":135,"publisher":{"@id":"https:\/\/www.parafia.rudyszwald.pl\/#organization"},"articleSection":["wszystkie aktualno\u015bci"],"inLanguage":"pl-PL"},{"@type":"WebPage","@id":"https:\/\/www.parafia.rudyszwald.pl\/index.php\/2023\/02\/21\/prochem-jestes-i-w-proch-sie-obrocisz\/","url":"https:\/\/www.parafia.rudyszwald.pl\/index.php\/2023\/02\/21\/prochem-jestes-i-w-proch-sie-obrocisz\/","name":"\"Prochem jeste\u015b i w proch si\u0119 obr\u00f3cisz\" - Parafia Tr\u00f3jcy \u015awi\u0119tej w Rudyszwa\u0142dzie","isPartOf":{"@id":"https:\/\/www.parafia.rudyszwald.pl\/#website"},"datePublished":"2023-02-21T23:25:53+00:00","dateModified":"2023-02-21T23:25:56+00:00","breadcrumb":{"@id":"https:\/\/www.parafia.rudyszwald.pl\/index.php\/2023\/02\/21\/prochem-jestes-i-w-proch-sie-obrocisz\/#breadcrumb"},"inLanguage":"pl-PL","potentialAction":[{"@type":"ReadAction","target":["https:\/\/www.parafia.rudyszwald.pl\/index.php\/2023\/02\/21\/prochem-jestes-i-w-proch-sie-obrocisz\/"]}]},{"@type":"BreadcrumbList","@id":"https:\/\/www.parafia.rudyszwald.pl\/index.php\/2023\/02\/21\/prochem-jestes-i-w-proch-sie-obrocisz\/#breadcrumb","itemListElement":[{"@type":"ListItem","position":1,"name":"Strona g\u0142\u00f3wna","item":"https:\/\/www.parafia.rudyszwald.pl\/"},{"@type":"ListItem","position":2,"name":"&#8222;Prochem jeste\u015b i w proch si\u0119 obr\u00f3cisz&#8221;"}]},{"@type":"WebSite","@id":"https:\/\/www.parafia.rudyszwald.pl\/#website","url":"https:\/\/www.parafia.rudyszwald.pl\/","name":"Parafia Tr\u00f3jcy \u015awi\u0119tej w Rudyszwa\u0142dzie","description":"Parafia Rudyszwa\u0142d","publisher":{"@id":"https:\/\/www.parafia.rudyszwald.pl\/#organization"},"potentialAction":[{"@type":"SearchAction","target":{"@type":"EntryPoint","urlTemplate":"https:\/\/www.parafia.rudyszwald.pl\/?s={search_term_string}"},"query-input":"required name=search_term_string"}],"inLanguage":"pl-PL"},{"@type":"Organization","@id":"https:\/\/www.parafia.rudyszwald.pl\/#organization","name":"Parafia Tr\u00f3jcy \u015awi\u0119tej w Rudyszwa\u0142dzie","url":"https:\/\/www.parafia.rudyszwald.pl\/","logo":{"@type":"ImageObject","inLanguage":"pl-PL","@id":"https:\/\/www.parafia.rudyszwald.pl\/#\/schema\/logo\/image\/","url":"https:\/\/www.parafia.rudyszwald.pl\/wp-content\/uploads\/2019\/07\/IMG_1_DxO-copy-\u2014-kopia2-\u2014-kopia-2.jpg","contentUrl":"https:\/\/www.parafia.rudyszwald.pl\/wp-content\/uploads\/2019\/07\/IMG_1_DxO-copy-\u2014-kopia2-\u2014-kopia-2.jpg","width":464,"height":711,"caption":"Parafia Tr\u00f3jcy \u015awi\u0119tej w Rudyszwa\u0142dzie"},"image":{"@id":"https:\/\/www.parafia.rudyszwald.pl\/#\/schema\/logo\/image\/"}},{"@type":"Person","@id":"https:\/\/www.parafia.rudyszwald.pl\/#\/schema\/person\/eb159108ad8344c6f9788dffff106b65","name":"autor","url":"https:\/\/www.parafia.rudyszwald.pl\/index.php\/author\/rudyszwald\/"}]}},"jetpack_featured_media_url":"https:\/\/www.parafia.rudyszwald.pl\/wp-content\/uploads\/2023\/02\/file186.jpg","_links":{"self":[{"href":"https:\/\/www.parafia.rudyszwald.pl\/index.php\/wp-json\/wp\/v2\/posts\/3977"}],"collection":[{"href":"https:\/\/www.parafia.rudyszwald.pl\/index.php\/wp-json\/wp\/v2\/posts"}],"about":[{"href":"https:\/\/www.parafia.rudyszwald.pl\/index.php\/wp-json\/wp\/v2\/types\/post"}],"author":[{"embeddable":true,"href":"https:\/\/www.parafia.rudyszwald.pl\/index.php\/wp-json\/wp\/v2\/users\/1"}],"replies":[{"embeddable":true,"href":"https:\/\/www.parafia.rudyszwald.pl\/index.php\/wp-json\/wp\/v2\/comments?post=3977"}],"version-history":[{"count":3,"href":"https:\/\/www.parafia.rudyszwald.pl\/index.php\/wp-json\/wp\/v2\/posts\/3977\/revisions"}],"predecessor-version":[{"id":3983,"href":"https:\/\/www.parafia.rudyszwald.pl\/index.php\/wp-json\/wp\/v2\/posts\/3977\/revisions\/3983"}],"wp:featuredmedia":[{"embeddable":true,"href":"https:\/\/www.parafia.rudyszwald.pl\/index.php\/wp-json\/wp\/v2\/media\/3979"}],"wp:attachment":[{"href":"https:\/\/www.parafia.rudyszwald.pl\/index.php\/wp-json\/wp\/v2\/media?parent=3977"}],"wp:term":[{"taxonomy":"category","embeddable":true,"href":"https:\/\/www.parafia.rudyszwald.pl\/index.php\/wp-json\/wp\/v2\/categories?post=3977"},{"taxonomy":"post_tag","embeddable":true,"href":"https:\/\/www.parafia.rudyszwald.pl\/index.php\/wp-json\/wp\/v2\/tags?post=3977"}],"curies":[{"name":"wp","href":"https:\/\/api.w.org\/{rel}","templated":true}]}}