{"id":4019,"date":"2023-03-13T17:07:06","date_gmt":"2023-03-13T17:07:06","guid":{"rendered":"https:\/\/www.parafia.rudyszwald.pl\/?p=4019"},"modified":"2023-03-13T17:07:10","modified_gmt":"2023-03-13T17:07:10","slug":"rekolekcje-wielkopostne-2","status":"publish","type":"post","link":"https:\/\/www.parafia.rudyszwald.pl\/index.php\/2023\/03\/13\/rekolekcje-wielkopostne-2\/","title":{"rendered":"Rekolekcje Wielkopostne"},"content":{"rendered":"\n<hr class=\"wp-block-separator has-alpha-channel-opacity\"\/>\n\n\n\n<div style=\"height:5px\" aria-hidden=\"true\" class=\"wp-block-spacer\"><\/div>\n\n\n\n<p class=\"has-background has-very-light-gray-background-color\" style=\"text-align:justify\">Od pi\u0105tku (24 marca) rozpoczynamy Rekolekcje Parafialne. Nauki g\u0142osi\u0107 b\u0119dzie siostra Dolores ze Zgromadzenia Si\u00f3str Misyjnych S\u0142u\u017cebnic Ducha \u015awi\u0119tego (Anuntiata) z Raciborza.<\/br><\/br>\n&#8211; pi\u0105tek (24 marca) godz. 17.00 \u2013 Msza \u015aw. z nauk\u0105 rekolekcyjn\u0105 i Droga Krzy\u017cowa. Spowied\u017a \u015awi\u0119ta od godz. 16.30<\/br>\n&#8211; sobota (25 marca) godz. 8.00 &#8211; Msza \u015aw. z nauk\u0105 rekolekcyjn\u0105, sakrament namaszczenia chorych. Spowied\u017a \u015awi\u0119ta od godz. 7.30<\/br>\n&#8211; niedziela (26 marca) godz. 8.00, 10.00 &#8211; Msza \u015aw. z nauk\u0105 rekolekcyjn\u0105. Zako\u0144czenie rekolekcji. Spowied\u017a \u015awi\u0119ta od godz. 7.30<\/br><\/br>\nSerdecznie zapraszamy do uczestnictwa.<\/br><\/p>\n\n\n\n<ul><\/ul>\n\n\n\n<div style=\"height:25px\" aria-hidden=\"true\" class=\"wp-block-spacer\"><\/div>\n\n\n\n<div class=\"is-content-justification-center is-layout-flex wp-container-1 wp-block-buttons\">\n<div class=\"wp-block-button is-style-outline\"><a class=\"wp-block-button__link wp-element-button\" href=\"https:\/\/www.parafia.rudyszwald.pl\/\">strona g\u0142\u00f3wna<\/a><\/div>\n<\/div>\n","protected":false},"excerpt":{"rendered":"<p>Od pi\u0105tku (24 marca) rozpoczynamy Rekolekcje Parafialne. Nauki g\u0142osi\u0107 b\u0119dzie siostra Dolores ze Zgromadzenia Si\u00f3str Misyjnych S\u0142u\u017cebnic Ducha \u015awi\u0119tego (Anuntiata) z Raciborza. &#8211; pi\u0105tek (24 marca) godz. 17.00 \u2013 Msza \u015aw. z nauk\u0105 rekolekcyjn\u0105 i Droga Krzy\u017cowa. Spowied\u017a \u015awi\u0119ta od godz. 16.30 &#8211; sobota (25 marca) godz. 8.00 &#8211; Msza<\/p>\n<div class=\"belowpost\"><a class=\"btnmore icon-arrow\" href=\"https:\/\/www.parafia.rudyszwald.pl\/index.php\/2023\/03\/13\/rekolekcje-wielkopostne-2\/\"><span>Read More<\/span><\/a><\/div>\n","protected":false},"author":1,"featured_media":4029,"comment_status":"closed","ping_status":"closed","sticky":false,"template":"","format":"standard","meta":{"_exactmetrics_skip_tracking":false,"_exactmetrics_sitenote_active":false,"_exactmetrics_sitenote_note":"","_exactmetrics_sitenote_category":0,"ngg_post_thumbnail":0,"jetpack_publicize_message":"","jetpack_is_tweetstorm":false,"jetpack_publicize_feature_enabled":true,"jetpack_social_post_already_shared":true,"jetpack_social_options":[]},"categories":[1],"tags":[],"jetpack_publicize_connections":[],"yoast_head":"<!-- This site is optimized with the Yoast SEO plugin v19.11 - https:\/\/yoast.com\/wordpress\/plugins\/seo\/ -->\n<title>Rekolekcje Wielkopostne - Parafia Tr\u00f3jcy \u015awi\u0119tej w Rudyszwa\u0142dzie<\/title>\n<meta name=\"robots\" content=\"index, follow, max-snippet:-1, max-image-preview:large, max-video-preview:-1\" \/>\n<link rel=\"canonical\" href=\"https:\/\/www.parafia.rudyszwald.pl\/index.php\/2023\/03\/13\/rekolekcje-wielkopostne-2\/\" \/>\n<meta property=\"og:locale\" content=\"pl_PL\" \/>\n<meta property=\"og:type\" content=\"article\" \/>\n<meta property=\"og:title\" content=\"Rekolekcje Wielkopostne - Parafia Tr\u00f3jcy \u015awi\u0119tej w Rudyszwa\u0142dzie\" \/>\n<meta property=\"og:description\" content=\"Od pi\u0105tku (24 marca) rozpoczynamy Rekolekcje Parafialne. Nauki g\u0142osi\u0107 b\u0119dzie siostra Dolores ze Zgromadzenia Si\u00f3str Misyjnych S\u0142u\u017cebnic Ducha \u015awi\u0119tego (Anuntiata) z Raciborza. &#8211; pi\u0105tek (24 marca) godz. 17.00 \u2013 Msza \u015aw. z nauk\u0105 rekolekcyjn\u0105 i Droga Krzy\u017cowa. Spowied\u017a \u015awi\u0119ta od godz. 16.30 &#8211; sobota (25 marca) godz. 8.00 &#8211; MszaRead More\" \/>\n<meta property=\"og:url\" content=\"https:\/\/www.parafia.rudyszwald.pl\/index.php\/2023\/03\/13\/rekolekcje-wielkopostne-2\/\" \/>\n<meta property=\"og:site_name\" content=\"Parafia Tr\u00f3jcy \u015awi\u0119tej w Rudyszwa\u0142dzie\" \/>\n<meta property=\"article:published_time\" content=\"2023-03-13T17:07:06+00:00\" \/>\n<meta property=\"article:modified_time\" content=\"2023-03-13T17:07:10+00:00\" \/>\n<meta property=\"og:image\" content=\"https:\/\/www.parafia.rudyszwald.pl\/wp-content\/uploads\/2023\/03\/jesus-g083c8d266_640-1.jpg\" \/>\n\t<meta property=\"og:image:width\" content=\"637\" \/>\n\t<meta property=\"og:image:height\" content=\"405\" \/>\n\t<meta property=\"og:image:type\" content=\"image\/jpeg\" \/>\n<meta name=\"author\" content=\"autor\" \/>\n<meta name=\"twitter:card\" content=\"summary_large_image\" \/>\n<meta name=\"twitter:label1\" content=\"Napisane przez\" \/>\n\t<meta name=\"twitter:data1\" content=\"autor\" \/>\n\t<meta name=\"twitter:label2\" content=\"Szacowany czas czytania\" \/>\n\t<meta name=\"twitter:data2\" content=\"1 minuta\" \/>\n<script type=\"application\/ld+json\" class=\"yoast-schema-graph\">{\"@context\":\"https:\/\/schema.org\",\"@graph\":[{\"@type\":\"Article\",\"@id\":\"https:\/\/www.parafia.rudyszwald.pl\/index.php\/2023\/03\/13\/rekolekcje-wielkopostne-2\/#article\",\"isPartOf\":{\"@id\":\"https:\/\/www.parafia.rudyszwald.pl\/index.php\/2023\/03\/13\/rekolekcje-wielkopostne-2\/\"},\"author\":{\"name\":\"autor\",\"@id\":\"https:\/\/www.parafia.rudyszwald.pl\/#\/schema\/person\/eb159108ad8344c6f9788dffff106b65\"},\"headline\":\"Rekolekcje Wielkopostne\",\"datePublished\":\"2023-03-13T17:07:06+00:00\",\"dateModified\":\"2023-03-13T17:07:10+00:00\",\"mainEntityOfPage\":{\"@id\":\"https:\/\/www.parafia.rudyszwald.pl\/index.php\/2023\/03\/13\/rekolekcje-wielkopostne-2\/\"},\"wordCount\":92,\"publisher\":{\"@id\":\"https:\/\/www.parafia.rudyszwald.pl\/#organization\"},\"articleSection\":[\"wszystkie aktualno\u015bci\"],\"inLanguage\":\"pl-PL\"},{\"@type\":\"WebPage\",\"@id\":\"https:\/\/www.parafia.rudyszwald.pl\/index.php\/2023\/03\/13\/rekolekcje-wielkopostne-2\/\",\"url\":\"https:\/\/www.parafia.rudyszwald.pl\/index.php\/2023\/03\/13\/rekolekcje-wielkopostne-2\/\",\"name\":\"Rekolekcje Wielkopostne - Parafia Tr\u00f3jcy \u015awi\u0119tej w Rudyszwa\u0142dzie\",\"isPartOf\":{\"@id\":\"https:\/\/www.parafia.rudyszwald.pl\/#website\"},\"datePublished\":\"2023-03-13T17:07:06+00:00\",\"dateModified\":\"2023-03-13T17:07:10+00:00\",\"breadcrumb\":{\"@id\":\"https:\/\/www.parafia.rudyszwald.pl\/index.php\/2023\/03\/13\/rekolekcje-wielkopostne-2\/#breadcrumb\"},\"inLanguage\":\"pl-PL\",\"potentialAction\":[{\"@type\":\"ReadAction\",\"target\":[\"https:\/\/www.parafia.rudyszwald.pl\/index.php\/2023\/03\/13\/rekolekcje-wielkopostne-2\/\"]}]},{\"@type\":\"BreadcrumbList\",\"@id\":\"https:\/\/www.parafia.rudyszwald.pl\/index.php\/2023\/03\/13\/rekolekcje-wielkopostne-2\/#breadcrumb\",\"itemListElement\":[{\"@type\":\"ListItem\",\"position\":1,\"name\":\"Strona g\u0142\u00f3wna\",\"item\":\"https:\/\/www.parafia.rudyszwald.pl\/\"},{\"@type\":\"ListItem\",\"position\":2,\"name\":\"Rekolekcje Wielkopostne\"}]},{\"@type\":\"WebSite\",\"@id\":\"https:\/\/www.parafia.rudyszwald.pl\/#website\",\"url\":\"https:\/\/www.parafia.rudyszwald.pl\/\",\"name\":\"Parafia Tr\u00f3jcy \u015awi\u0119tej w Rudyszwa\u0142dzie\",\"description\":\"Parafia Rudyszwa\u0142d\",\"publisher\":{\"@id\":\"https:\/\/www.parafia.rudyszwald.pl\/#organization\"},\"potentialAction\":[{\"@type\":\"SearchAction\",\"target\":{\"@type\":\"EntryPoint\",\"urlTemplate\":\"https:\/\/www.parafia.rudyszwald.pl\/?s={search_term_string}\"},\"query-input\":\"required name=search_term_string\"}],\"inLanguage\":\"pl-PL\"},{\"@type\":\"Organization\",\"@id\":\"https:\/\/www.parafia.rudyszwald.pl\/#organization\",\"name\":\"Parafia Tr\u00f3jcy \u015awi\u0119tej w Rudyszwa\u0142dzie\",\"url\":\"https:\/\/www.parafia.rudyszwald.pl\/\",\"logo\":{\"@type\":\"ImageObject\",\"inLanguage\":\"pl-PL\",\"@id\":\"https:\/\/www.parafia.rudyszwald.pl\/#\/schema\/logo\/image\/\",\"url\":\"https:\/\/www.parafia.rudyszwald.pl\/wp-content\/uploads\/2019\/07\/IMG_1_DxO-copy-\u2014-kopia2-\u2014-kopia-2.jpg\",\"contentUrl\":\"https:\/\/www.parafia.rudyszwald.pl\/wp-content\/uploads\/2019\/07\/IMG_1_DxO-copy-\u2014-kopia2-\u2014-kopia-2.jpg\",\"width\":464,\"height\":711,\"caption\":\"Parafia Tr\u00f3jcy \u015awi\u0119tej w Rudyszwa\u0142dzie\"},\"image\":{\"@id\":\"https:\/\/www.parafia.rudyszwald.pl\/#\/schema\/logo\/image\/\"}},{\"@type\":\"Person\",\"@id\":\"https:\/\/www.parafia.rudyszwald.pl\/#\/schema\/person\/eb159108ad8344c6f9788dffff106b65\",\"name\":\"autor\",\"url\":\"https:\/\/www.parafia.rudyszwald.pl\/index.php\/author\/rudyszwald\/\"}]}<\/script>\n<!-- \/ Yoast SEO plugin. -->","yoast_head_json":{"title":"Rekolekcje Wielkopostne - Parafia Tr\u00f3jcy \u015awi\u0119tej w Rudyszwa\u0142dzie","robots":{"index":"index","follow":"follow","max-snippet":"max-snippet:-1","max-image-preview":"max-image-preview:large","max-video-preview":"max-video-preview:-1"},"canonical":"https:\/\/www.parafia.rudyszwald.pl\/index.php\/2023\/03\/13\/rekolekcje-wielkopostne-2\/","og_locale":"pl_PL","og_type":"article","og_title":"Rekolekcje Wielkopostne - Parafia Tr\u00f3jcy \u015awi\u0119tej w Rudyszwa\u0142dzie","og_description":"Od pi\u0105tku (24 marca) rozpoczynamy Rekolekcje Parafialne. Nauki g\u0142osi\u0107 b\u0119dzie siostra Dolores ze Zgromadzenia Si\u00f3str Misyjnych S\u0142u\u017cebnic Ducha \u015awi\u0119tego (Anuntiata) z Raciborza. &#8211; pi\u0105tek (24 marca) godz. 17.00 \u2013 Msza \u015aw. z nauk\u0105 rekolekcyjn\u0105 i Droga Krzy\u017cowa. Spowied\u017a \u015awi\u0119ta od godz. 16.30 &#8211; sobota (25 marca) godz. 8.00 &#8211; MszaRead More","og_url":"https:\/\/www.parafia.rudyszwald.pl\/index.php\/2023\/03\/13\/rekolekcje-wielkopostne-2\/","og_site_name":"Parafia Tr\u00f3jcy \u015awi\u0119tej w Rudyszwa\u0142dzie","article_published_time":"2023-03-13T17:07:06+00:00","article_modified_time":"2023-03-13T17:07:10+00:00","og_image":[{"width":637,"height":405,"url":"https:\/\/www.parafia.rudyszwald.pl\/wp-content\/uploads\/2023\/03\/jesus-g083c8d266_640-1.jpg","type":"image\/jpeg"}],"author":"autor","twitter_card":"summary_large_image","twitter_misc":{"Napisane przez":"autor","Szacowany czas czytania":"1 minuta"},"schema":{"@context":"https:\/\/schema.org","@graph":[{"@type":"Article","@id":"https:\/\/www.parafia.rudyszwald.pl\/index.php\/2023\/03\/13\/rekolekcje-wielkopostne-2\/#article","isPartOf":{"@id":"https:\/\/www.parafia.rudyszwald.pl\/index.php\/2023\/03\/13\/rekolekcje-wielkopostne-2\/"},"author":{"name":"autor","@id":"https:\/\/www.parafia.rudyszwald.pl\/#\/schema\/person\/eb159108ad8344c6f9788dffff106b65"},"headline":"Rekolekcje Wielkopostne","datePublished":"2023-03-13T17:07:06+00:00","dateModified":"2023-03-13T17:07:10+00:00","mainEntityOfPage":{"@id":"https:\/\/www.parafia.rudyszwald.pl\/index.php\/2023\/03\/13\/rekolekcje-wielkopostne-2\/"},"wordCount":92,"publisher":{"@id":"https:\/\/www.parafia.rudyszwald.pl\/#organization"},"articleSection":["wszystkie aktualno\u015bci"],"inLanguage":"pl-PL"},{"@type":"WebPage","@id":"https:\/\/www.parafia.rudyszwald.pl\/index.php\/2023\/03\/13\/rekolekcje-wielkopostne-2\/","url":"https:\/\/www.parafia.rudyszwald.pl\/index.php\/2023\/03\/13\/rekolekcje-wielkopostne-2\/","name":"Rekolekcje Wielkopostne - Parafia Tr\u00f3jcy \u015awi\u0119tej w Rudyszwa\u0142dzie","isPartOf":{"@id":"https:\/\/www.parafia.rudyszwald.pl\/#website"},"datePublished":"2023-03-13T17:07:06+00:00","dateModified":"2023-03-13T17:07:10+00:00","breadcrumb":{"@id":"https:\/\/www.parafia.rudyszwald.pl\/index.php\/2023\/03\/13\/rekolekcje-wielkopostne-2\/#breadcrumb"},"inLanguage":"pl-PL","potentialAction":[{"@type":"ReadAction","target":["https:\/\/www.parafia.rudyszwald.pl\/index.php\/2023\/03\/13\/rekolekcje-wielkopostne-2\/"]}]},{"@type":"BreadcrumbList","@id":"https:\/\/www.parafia.rudyszwald.pl\/index.php\/2023\/03\/13\/rekolekcje-wielkopostne-2\/#breadcrumb","itemListElement":[{"@type":"ListItem","position":1,"name":"Strona g\u0142\u00f3wna","item":"https:\/\/www.parafia.rudyszwald.pl\/"},{"@type":"ListItem","position":2,"name":"Rekolekcje Wielkopostne"}]},{"@type":"WebSite","@id":"https:\/\/www.parafia.rudyszwald.pl\/#website","url":"https:\/\/www.parafia.rudyszwald.pl\/","name":"Parafia Tr\u00f3jcy \u015awi\u0119tej w Rudyszwa\u0142dzie","description":"Parafia Rudyszwa\u0142d","publisher":{"@id":"https:\/\/www.parafia.rudyszwald.pl\/#organization"},"potentialAction":[{"@type":"SearchAction","target":{"@type":"EntryPoint","urlTemplate":"https:\/\/www.parafia.rudyszwald.pl\/?s={search_term_string}"},"query-input":"required name=search_term_string"}],"inLanguage":"pl-PL"},{"@type":"Organization","@id":"https:\/\/www.parafia.rudyszwald.pl\/#organization","name":"Parafia Tr\u00f3jcy \u015awi\u0119tej w Rudyszwa\u0142dzie","url":"https:\/\/www.parafia.rudyszwald.pl\/","logo":{"@type":"ImageObject","inLanguage":"pl-PL","@id":"https:\/\/www.parafia.rudyszwald.pl\/#\/schema\/logo\/image\/","url":"https:\/\/www.parafia.rudyszwald.pl\/wp-content\/uploads\/2019\/07\/IMG_1_DxO-copy-\u2014-kopia2-\u2014-kopia-2.jpg","contentUrl":"https:\/\/www.parafia.rudyszwald.pl\/wp-content\/uploads\/2019\/07\/IMG_1_DxO-copy-\u2014-kopia2-\u2014-kopia-2.jpg","width":464,"height":711,"caption":"Parafia Tr\u00f3jcy \u015awi\u0119tej w Rudyszwa\u0142dzie"},"image":{"@id":"https:\/\/www.parafia.rudyszwald.pl\/#\/schema\/logo\/image\/"}},{"@type":"Person","@id":"https:\/\/www.parafia.rudyszwald.pl\/#\/schema\/person\/eb159108ad8344c6f9788dffff106b65","name":"autor","url":"https:\/\/www.parafia.rudyszwald.pl\/index.php\/author\/rudyszwald\/"}]}},"jetpack_featured_media_url":"https:\/\/www.parafia.rudyszwald.pl\/wp-content\/uploads\/2023\/03\/jesus-g083c8d266_640-1.jpg","_links":{"self":[{"href":"https:\/\/www.parafia.rudyszwald.pl\/index.php\/wp-json\/wp\/v2\/posts\/4019"}],"collection":[{"href":"https:\/\/www.parafia.rudyszwald.pl\/index.php\/wp-json\/wp\/v2\/posts"}],"about":[{"href":"https:\/\/www.parafia.rudyszwald.pl\/index.php\/wp-json\/wp\/v2\/types\/post"}],"author":[{"embeddable":true,"href":"https:\/\/www.parafia.rudyszwald.pl\/index.php\/wp-json\/wp\/v2\/users\/1"}],"replies":[{"embeddable":true,"href":"https:\/\/www.parafia.rudyszwald.pl\/index.php\/wp-json\/wp\/v2\/comments?post=4019"}],"version-history":[{"count":12,"href":"https:\/\/www.parafia.rudyszwald.pl\/index.php\/wp-json\/wp\/v2\/posts\/4019\/revisions"}],"predecessor-version":[{"id":4072,"href":"https:\/\/www.parafia.rudyszwald.pl\/index.php\/wp-json\/wp\/v2\/posts\/4019\/revisions\/4072"}],"wp:featuredmedia":[{"embeddable":true,"href":"https:\/\/www.parafia.rudyszwald.pl\/index.php\/wp-json\/wp\/v2\/media\/4029"}],"wp:attachment":[{"href":"https:\/\/www.parafia.rudyszwald.pl\/index.php\/wp-json\/wp\/v2\/media?parent=4019"}],"wp:term":[{"taxonomy":"category","embeddable":true,"href":"https:\/\/www.parafia.rudyszwald.pl\/index.php\/wp-json\/wp\/v2\/categories?post=4019"},{"taxonomy":"post_tag","embeddable":true,"href":"https:\/\/www.parafia.rudyszwald.pl\/index.php\/wp-json\/wp\/v2\/tags?post=4019"}],"curies":[{"name":"wp","href":"https:\/\/api.w.org\/{rel}","templated":true}]}}