{"id":4090,"date":"2023-04-09T04:05:59","date_gmt":"2023-04-09T04:05:59","guid":{"rendered":"https:\/\/www.parafia.rudyszwald.pl\/?p=4090"},"modified":"2023-04-09T04:06:01","modified_gmt":"2023-04-09T04:06:01","slug":"jezus-chrystus-zmartwychwstal-alleluja","status":"publish","type":"post","link":"https:\/\/www.parafia.rudyszwald.pl\/index.php\/2023\/04\/09\/jezus-chrystus-zmartwychwstal-alleluja\/","title":{"rendered":"Jezus Chrystus Zmartwychwsta\u0142. Alleluja!"},"content":{"rendered":"\n<hr class=\"wp-block-separator has-alpha-channel-opacity\"\/>\n\n\n\n<div style=\"height:5px\" aria-hidden=\"true\" class=\"wp-block-spacer\"><\/div>\n\n\n\n<pre class=\"wp-block-verse has-text-align-center has-black-color has-text-color has-background\" style=\"background:linear-gradient(135deg,rgb(6,147,227) 0%,rgba(255,255,255,0.25) 0%,rgba(187,162,71,0.19) 100%);font-size:17px;font-style:italic;font-weight:600;letter-spacing:0.5px\"><strong><em>\u015awi\u0119ta Wielkanocne to czas otuchy i nadziei,\nczas odradzania si\u0119 wiary w si\u0142\u0119 Chrystusa i w si\u0142\u0119 cz\u0142owieka.\n<\/em><\/strong>\n<strong><em>\u017byczymy, aby \u015awi\u0119ta Wielkanocne przynios\u0142y rado\u015b\u0107,\npok\u00f3j oraz wzajemn\u0105 \u017cyczliwo\u015b\u0107.\nAby sta\u0142y si\u0119 \u017ar\u00f3d\u0142em wzmacniania ducha!<\/em><\/strong><\/pre>\n\n\n\n<p class=\"has-text-align-right\" style=\"font-size:15px;letter-spacing:0.5px\"><em>Ks. Proboszcz <em>Pawe\u0142 Chlipa\u0142a<\/em> z Rad\u0105 Parafialn\u0105<\/em><\/p>\n\n\n\n<div style=\"height:30px\" aria-hidden=\"true\" class=\"wp-block-spacer\"><\/div>\n\n\n<div class=\"wp-block-image is-style-default\">\n<figure class=\"aligncenter size-full is-resized\"><img decoding=\"async\" loading=\"lazy\" src=\"https:\/\/www.parafia.rudyszwald.pl\/wp-content\/uploads\/2023\/04\/icon-g6d4b53673_640.jpg\" alt=\"\" class=\"wp-image-4150\" width=\"347\" height=\"480\" srcset=\"https:\/\/www.parafia.rudyszwald.pl\/wp-content\/uploads\/2023\/04\/icon-g6d4b53673_640.jpg 462w, https:\/\/www.parafia.rudyszwald.pl\/wp-content\/uploads\/2023\/04\/icon-g6d4b53673_640-217x300.jpg 217w\" sizes=\"(max-width: 347px) 100vw, 347px\" \/><\/figure><\/div>\n\n\n<div style=\"height:30px\" aria-hidden=\"true\" class=\"wp-block-spacer\"><\/div>\n\n\n\n<div class=\"is-content-justification-center is-layout-flex wp-container-1 wp-block-buttons\">\n<div class=\"wp-block-button is-style-outline\"><a class=\"wp-block-button__link wp-element-button\" href=\"https:\/\/www.parafia.rudyszwald.pl\/\">strona g\u0142\u00f3wna<\/a><\/div>\n<\/div>\n\n\n\n<!--nextpage-->\n\n\n\n<figure class=\"wp-block-embed aligncenter is-type-video is-provider-youtube wp-block-embed-youtube wp-embed-aspect-16-9 wp-has-aspect-ratio\"><div class=\"wp-block-embed__wrapper\">\n<iframe loading=\"lazy\" title=\"\u017bYCZENIA BISKUPA OPOLSKIEGO NA \u015aWI\u0118TA WIELKANOCNE 2023\" width=\"1000\" height=\"563\" src=\"https:\/\/www.youtube.com\/embed\/0DivVvBkgdw?feature=oembed\" frameborder=\"0\" allow=\"accelerometer; autoplay; clipboard-write; encrypted-media; gyroscope; picture-in-picture; web-share\" allowfullscreen><\/iframe>\n<\/div><\/figure>\n\n\n\n<div style=\"height:30px\" aria-hidden=\"true\" class=\"wp-block-spacer\"><\/div>\n\n\n\n<div class=\"is-content-justification-center is-layout-flex wp-container-2 wp-block-buttons\">\n<div class=\"wp-block-button is-style-outline\"><a class=\"wp-block-button__link wp-element-button\" href=\"https:\/\/www.parafia.rudyszwald.pl\/\">strona g\u0142\u00f3wna<\/a><\/div>\n<\/div>\n","protected":false},"excerpt":{"rendered":"<p>\u015awi\u0119ta Wielkanocne to czas otuchy i nadziei, czas odradzania si\u0119 wiary w si\u0142\u0119 Chrystusa i w si\u0142\u0119 cz\u0142owieka. \u017byczymy, aby \u015awi\u0119ta Wielkanocne przynios\u0142y rado\u015b\u0107, pok\u00f3j oraz wzajemn\u0105 \u017cyczliwo\u015b\u0107. Aby sta\u0142y si\u0119 \u017ar\u00f3d\u0142em wzmacniania ducha! Ks. Proboszcz Pawe\u0142 Chlipa\u0142a z Rad\u0105 Parafialn\u0105<\/p>\n","protected":false},"author":1,"featured_media":4132,"comment_status":"closed","ping_status":"closed","sticky":false,"template":"","format":"standard","meta":{"_exactmetrics_skip_tracking":false,"_exactmetrics_sitenote_active":false,"_exactmetrics_sitenote_note":"","_exactmetrics_sitenote_category":0,"ngg_post_thumbnail":0,"jetpack_publicize_message":"","jetpack_is_tweetstorm":false,"jetpack_publicize_feature_enabled":true,"jetpack_social_post_already_shared":true,"jetpack_social_options":[]},"categories":[1],"tags":[],"jetpack_publicize_connections":[],"yoast_head":"<!-- This site is optimized with the Yoast SEO plugin v19.11 - https:\/\/yoast.com\/wordpress\/plugins\/seo\/ -->\n<title>Jezus Chrystus Zmartwychwsta\u0142. Alleluja! - Parafia Tr\u00f3jcy \u015awi\u0119tej w Rudyszwa\u0142dzie<\/title>\n<meta name=\"robots\" content=\"index, follow, max-snippet:-1, max-image-preview:large, max-video-preview:-1\" \/>\n<link rel=\"canonical\" href=\"https:\/\/www.parafia.rudyszwald.pl\/index.php\/2023\/04\/09\/jezus-chrystus-zmartwychwstal-alleluja\/\" \/>\n<link rel=\"next\" href=\"https:\/\/www.parafia.rudyszwald.pl\/index.php\/2023\/04\/09\/jezus-chrystus-zmartwychwstal-alleluja\/2\/\" \/>\n<meta property=\"og:locale\" content=\"pl_PL\" \/>\n<meta property=\"og:type\" content=\"article\" \/>\n<meta property=\"og:title\" content=\"Jezus Chrystus Zmartwychwsta\u0142. Alleluja! - Parafia Tr\u00f3jcy \u015awi\u0119tej w Rudyszwa\u0142dzie\" \/>\n<meta property=\"og:description\" content=\"\u015awi\u0119ta Wielkanocne to czas otuchy i nadziei, czas odradzania si\u0119 wiary w si\u0142\u0119 Chrystusa i w si\u0142\u0119 cz\u0142owieka. \u017byczymy, aby \u015awi\u0119ta Wielkanocne przynios\u0142y rado\u015b\u0107, pok\u00f3j oraz wzajemn\u0105 \u017cyczliwo\u015b\u0107. Aby sta\u0142y si\u0119 \u017ar\u00f3d\u0142em wzmacniania ducha! Ks. Proboszcz Pawe\u0142 Chlipa\u0142a z Rad\u0105 Parafialn\u0105\" \/>\n<meta property=\"og:url\" content=\"https:\/\/www.parafia.rudyszwald.pl\/index.php\/2023\/04\/09\/jezus-chrystus-zmartwychwstal-alleluja\/\" \/>\n<meta property=\"og:site_name\" content=\"Parafia Tr\u00f3jcy \u015awi\u0119tej w Rudyszwa\u0142dzie\" \/>\n<meta property=\"article:published_time\" content=\"2023-04-09T04:05:59+00:00\" \/>\n<meta property=\"article:modified_time\" content=\"2023-04-09T04:06:01+00:00\" \/>\n<meta property=\"og:image\" content=\"https:\/\/www.parafia.rudyszwald.pl\/wp-content\/uploads\/2023\/04\/jesus-g0e373371f_1280.jpg\" \/>\n\t<meta property=\"og:image:width\" content=\"1280\" \/>\n\t<meta property=\"og:image:height\" content=\"615\" \/>\n\t<meta property=\"og:image:type\" content=\"image\/jpeg\" \/>\n<meta name=\"author\" content=\"autor\" \/>\n<meta name=\"twitter:card\" content=\"summary_large_image\" \/>\n<meta name=\"twitter:label1\" content=\"Napisane przez\" \/>\n\t<meta name=\"twitter:data1\" content=\"autor\" \/>\n\t<meta name=\"twitter:label2\" content=\"Szacowany czas czytania\" \/>\n\t<meta name=\"twitter:data2\" content=\"1 minuta\" \/>\n<script type=\"application\/ld+json\" class=\"yoast-schema-graph\">{\"@context\":\"https:\/\/schema.org\",\"@graph\":[{\"@type\":\"Article\",\"@id\":\"https:\/\/www.parafia.rudyszwald.pl\/index.php\/2023\/04\/09\/jezus-chrystus-zmartwychwstal-alleluja\/#article\",\"isPartOf\":{\"@id\":\"https:\/\/www.parafia.rudyszwald.pl\/index.php\/2023\/04\/09\/jezus-chrystus-zmartwychwstal-alleluja\/\"},\"author\":{\"name\":\"autor\",\"@id\":\"https:\/\/www.parafia.rudyszwald.pl\/#\/schema\/person\/eb159108ad8344c6f9788dffff106b65\"},\"headline\":\"Jezus Chrystus Zmartwychwsta\u0142. Alleluja!\",\"datePublished\":\"2023-04-09T04:05:59+00:00\",\"dateModified\":\"2023-04-09T04:06:01+00:00\",\"mainEntityOfPage\":{\"@id\":\"https:\/\/www.parafia.rudyszwald.pl\/index.php\/2023\/04\/09\/jezus-chrystus-zmartwychwstal-alleluja\/\"},\"wordCount\":25,\"publisher\":{\"@id\":\"https:\/\/www.parafia.rudyszwald.pl\/#organization\"},\"articleSection\":[\"wszystkie aktualno\u015bci\"],\"inLanguage\":\"pl-PL\"},{\"@type\":\"WebPage\",\"@id\":\"https:\/\/www.parafia.rudyszwald.pl\/index.php\/2023\/04\/09\/jezus-chrystus-zmartwychwstal-alleluja\/\",\"url\":\"https:\/\/www.parafia.rudyszwald.pl\/index.php\/2023\/04\/09\/jezus-chrystus-zmartwychwstal-alleluja\/\",\"name\":\"Jezus Chrystus Zmartwychwsta\u0142. Alleluja! - Parafia Tr\u00f3jcy \u015awi\u0119tej w Rudyszwa\u0142dzie\",\"isPartOf\":{\"@id\":\"https:\/\/www.parafia.rudyszwald.pl\/#website\"},\"datePublished\":\"2023-04-09T04:05:59+00:00\",\"dateModified\":\"2023-04-09T04:06:01+00:00\",\"inLanguage\":\"pl-PL\",\"potentialAction\":[{\"@type\":\"ReadAction\",\"target\":[\"https:\/\/www.parafia.rudyszwald.pl\/index.php\/2023\/04\/09\/jezus-chrystus-zmartwychwstal-alleluja\/\"]}]},{\"@type\":\"WebSite\",\"@id\":\"https:\/\/www.parafia.rudyszwald.pl\/#website\",\"url\":\"https:\/\/www.parafia.rudyszwald.pl\/\",\"name\":\"Parafia Tr\u00f3jcy \u015awi\u0119tej w Rudyszwa\u0142dzie\",\"description\":\"Parafia Rudyszwa\u0142d\",\"publisher\":{\"@id\":\"https:\/\/www.parafia.rudyszwald.pl\/#organization\"},\"potentialAction\":[{\"@type\":\"SearchAction\",\"target\":{\"@type\":\"EntryPoint\",\"urlTemplate\":\"https:\/\/www.parafia.rudyszwald.pl\/?s={search_term_string}\"},\"query-input\":\"required name=search_term_string\"}],\"inLanguage\":\"pl-PL\"},{\"@type\":\"Organization\",\"@id\":\"https:\/\/www.parafia.rudyszwald.pl\/#organization\",\"name\":\"Parafia Tr\u00f3jcy \u015awi\u0119tej w Rudyszwa\u0142dzie\",\"url\":\"https:\/\/www.parafia.rudyszwald.pl\/\",\"logo\":{\"@type\":\"ImageObject\",\"inLanguage\":\"pl-PL\",\"@id\":\"https:\/\/www.parafia.rudyszwald.pl\/#\/schema\/logo\/image\/\",\"url\":\"https:\/\/www.parafia.rudyszwald.pl\/wp-content\/uploads\/2019\/07\/IMG_1_DxO-copy-\u2014-kopia2-\u2014-kopia-2.jpg\",\"contentUrl\":\"https:\/\/www.parafia.rudyszwald.pl\/wp-content\/uploads\/2019\/07\/IMG_1_DxO-copy-\u2014-kopia2-\u2014-kopia-2.jpg\",\"width\":464,\"height\":711,\"caption\":\"Parafia Tr\u00f3jcy \u015awi\u0119tej w Rudyszwa\u0142dzie\"},\"image\":{\"@id\":\"https:\/\/www.parafia.rudyszwald.pl\/#\/schema\/logo\/image\/\"}},{\"@type\":\"Person\",\"@id\":\"https:\/\/www.parafia.rudyszwald.pl\/#\/schema\/person\/eb159108ad8344c6f9788dffff106b65\",\"name\":\"autor\",\"url\":\"https:\/\/www.parafia.rudyszwald.pl\/index.php\/author\/rudyszwald\/\"}]}<\/script>\n<!-- \/ Yoast SEO plugin. -->","yoast_head_json":{"title":"Jezus Chrystus Zmartwychwsta\u0142. Alleluja! - Parafia Tr\u00f3jcy \u015awi\u0119tej w Rudyszwa\u0142dzie","robots":{"index":"index","follow":"follow","max-snippet":"max-snippet:-1","max-image-preview":"max-image-preview:large","max-video-preview":"max-video-preview:-1"},"canonical":"https:\/\/www.parafia.rudyszwald.pl\/index.php\/2023\/04\/09\/jezus-chrystus-zmartwychwstal-alleluja\/","next":"https:\/\/www.parafia.rudyszwald.pl\/index.php\/2023\/04\/09\/jezus-chrystus-zmartwychwstal-alleluja\/2\/","og_locale":"pl_PL","og_type":"article","og_title":"Jezus Chrystus Zmartwychwsta\u0142. Alleluja! - Parafia Tr\u00f3jcy \u015awi\u0119tej w Rudyszwa\u0142dzie","og_description":"\u015awi\u0119ta Wielkanocne to czas otuchy i nadziei, czas odradzania si\u0119 wiary w si\u0142\u0119 Chrystusa i w si\u0142\u0119 cz\u0142owieka. \u017byczymy, aby \u015awi\u0119ta Wielkanocne przynios\u0142y rado\u015b\u0107, pok\u00f3j oraz wzajemn\u0105 \u017cyczliwo\u015b\u0107. Aby sta\u0142y si\u0119 \u017ar\u00f3d\u0142em wzmacniania ducha! Ks. Proboszcz Pawe\u0142 Chlipa\u0142a z Rad\u0105 Parafialn\u0105","og_url":"https:\/\/www.parafia.rudyszwald.pl\/index.php\/2023\/04\/09\/jezus-chrystus-zmartwychwstal-alleluja\/","og_site_name":"Parafia Tr\u00f3jcy \u015awi\u0119tej w Rudyszwa\u0142dzie","article_published_time":"2023-04-09T04:05:59+00:00","article_modified_time":"2023-04-09T04:06:01+00:00","og_image":[{"width":1280,"height":615,"url":"https:\/\/www.parafia.rudyszwald.pl\/wp-content\/uploads\/2023\/04\/jesus-g0e373371f_1280.jpg","type":"image\/jpeg"}],"author":"autor","twitter_card":"summary_large_image","twitter_misc":{"Napisane przez":"autor","Szacowany czas czytania":"1 minuta"},"schema":{"@context":"https:\/\/schema.org","@graph":[{"@type":"Article","@id":"https:\/\/www.parafia.rudyszwald.pl\/index.php\/2023\/04\/09\/jezus-chrystus-zmartwychwstal-alleluja\/#article","isPartOf":{"@id":"https:\/\/www.parafia.rudyszwald.pl\/index.php\/2023\/04\/09\/jezus-chrystus-zmartwychwstal-alleluja\/"},"author":{"name":"autor","@id":"https:\/\/www.parafia.rudyszwald.pl\/#\/schema\/person\/eb159108ad8344c6f9788dffff106b65"},"headline":"Jezus Chrystus Zmartwychwsta\u0142. Alleluja!","datePublished":"2023-04-09T04:05:59+00:00","dateModified":"2023-04-09T04:06:01+00:00","mainEntityOfPage":{"@id":"https:\/\/www.parafia.rudyszwald.pl\/index.php\/2023\/04\/09\/jezus-chrystus-zmartwychwstal-alleluja\/"},"wordCount":25,"publisher":{"@id":"https:\/\/www.parafia.rudyszwald.pl\/#organization"},"articleSection":["wszystkie aktualno\u015bci"],"inLanguage":"pl-PL"},{"@type":"WebPage","@id":"https:\/\/www.parafia.rudyszwald.pl\/index.php\/2023\/04\/09\/jezus-chrystus-zmartwychwstal-alleluja\/","url":"https:\/\/www.parafia.rudyszwald.pl\/index.php\/2023\/04\/09\/jezus-chrystus-zmartwychwstal-alleluja\/","name":"Jezus Chrystus Zmartwychwsta\u0142. Alleluja! - Parafia Tr\u00f3jcy \u015awi\u0119tej w Rudyszwa\u0142dzie","isPartOf":{"@id":"https:\/\/www.parafia.rudyszwald.pl\/#website"},"datePublished":"2023-04-09T04:05:59+00:00","dateModified":"2023-04-09T04:06:01+00:00","inLanguage":"pl-PL","potentialAction":[{"@type":"ReadAction","target":["https:\/\/www.parafia.rudyszwald.pl\/index.php\/2023\/04\/09\/jezus-chrystus-zmartwychwstal-alleluja\/"]}]},{"@type":"WebSite","@id":"https:\/\/www.parafia.rudyszwald.pl\/#website","url":"https:\/\/www.parafia.rudyszwald.pl\/","name":"Parafia Tr\u00f3jcy \u015awi\u0119tej w Rudyszwa\u0142dzie","description":"Parafia Rudyszwa\u0142d","publisher":{"@id":"https:\/\/www.parafia.rudyszwald.pl\/#organization"},"potentialAction":[{"@type":"SearchAction","target":{"@type":"EntryPoint","urlTemplate":"https:\/\/www.parafia.rudyszwald.pl\/?s={search_term_string}"},"query-input":"required name=search_term_string"}],"inLanguage":"pl-PL"},{"@type":"Organization","@id":"https:\/\/www.parafia.rudyszwald.pl\/#organization","name":"Parafia Tr\u00f3jcy \u015awi\u0119tej w Rudyszwa\u0142dzie","url":"https:\/\/www.parafia.rudyszwald.pl\/","logo":{"@type":"ImageObject","inLanguage":"pl-PL","@id":"https:\/\/www.parafia.rudyszwald.pl\/#\/schema\/logo\/image\/","url":"https:\/\/www.parafia.rudyszwald.pl\/wp-content\/uploads\/2019\/07\/IMG_1_DxO-copy-\u2014-kopia2-\u2014-kopia-2.jpg","contentUrl":"https:\/\/www.parafia.rudyszwald.pl\/wp-content\/uploads\/2019\/07\/IMG_1_DxO-copy-\u2014-kopia2-\u2014-kopia-2.jpg","width":464,"height":711,"caption":"Parafia Tr\u00f3jcy \u015awi\u0119tej w Rudyszwa\u0142dzie"},"image":{"@id":"https:\/\/www.parafia.rudyszwald.pl\/#\/schema\/logo\/image\/"}},{"@type":"Person","@id":"https:\/\/www.parafia.rudyszwald.pl\/#\/schema\/person\/eb159108ad8344c6f9788dffff106b65","name":"autor","url":"https:\/\/www.parafia.rudyszwald.pl\/index.php\/author\/rudyszwald\/"}]}},"jetpack_featured_media_url":"https:\/\/www.parafia.rudyszwald.pl\/wp-content\/uploads\/2023\/04\/jesus-g0e373371f_1280.jpg","_links":{"self":[{"href":"https:\/\/www.parafia.rudyszwald.pl\/index.php\/wp-json\/wp\/v2\/posts\/4090"}],"collection":[{"href":"https:\/\/www.parafia.rudyszwald.pl\/index.php\/wp-json\/wp\/v2\/posts"}],"about":[{"href":"https:\/\/www.parafia.rudyszwald.pl\/index.php\/wp-json\/wp\/v2\/types\/post"}],"author":[{"embeddable":true,"href":"https:\/\/www.parafia.rudyszwald.pl\/index.php\/wp-json\/wp\/v2\/users\/1"}],"replies":[{"embeddable":true,"href":"https:\/\/www.parafia.rudyszwald.pl\/index.php\/wp-json\/wp\/v2\/comments?post=4090"}],"version-history":[{"count":36,"href":"https:\/\/www.parafia.rudyszwald.pl\/index.php\/wp-json\/wp\/v2\/posts\/4090\/revisions"}],"predecessor-version":[{"id":4151,"href":"https:\/\/www.parafia.rudyszwald.pl\/index.php\/wp-json\/wp\/v2\/posts\/4090\/revisions\/4151"}],"wp:featuredmedia":[{"embeddable":true,"href":"https:\/\/www.parafia.rudyszwald.pl\/index.php\/wp-json\/wp\/v2\/media\/4132"}],"wp:attachment":[{"href":"https:\/\/www.parafia.rudyszwald.pl\/index.php\/wp-json\/wp\/v2\/media?parent=4090"}],"wp:term":[{"taxonomy":"category","embeddable":true,"href":"https:\/\/www.parafia.rudyszwald.pl\/index.php\/wp-json\/wp\/v2\/categories?post=4090"},{"taxonomy":"post_tag","embeddable":true,"href":"https:\/\/www.parafia.rudyszwald.pl\/index.php\/wp-json\/wp\/v2\/tags?post=4090"}],"curies":[{"name":"wp","href":"https:\/\/api.w.org\/{rel}","templated":true}]}}