{"id":4357,"date":"2023-10-30T17:54:52","date_gmt":"2023-10-30T17:54:52","guid":{"rendered":"https:\/\/www.parafia.rudyszwald.pl\/?p=4357"},"modified":"2023-10-30T17:58:29","modified_gmt":"2023-10-30T17:58:29","slug":"rozstrzygniecie-konkursu-moj-rozaniec","status":"publish","type":"post","link":"https:\/\/www.parafia.rudyszwald.pl\/index.php\/2023\/10\/30\/rozstrzygniecie-konkursu-moj-rozaniec\/","title":{"rendered":"Rozstrzygni\u0119cie konkursu M\u00f3j R\u00f3\u017caniec"},"content":{"rendered":"\n<hr class=\"wp-block-separator has-alpha-channel-opacity\"\/>\n\n\n\n<div style=\"height:5px\" aria-hidden=\"true\" class=\"wp-block-spacer\"><\/div>\n\n\n\n<p class=\"has-background has-very-light-gray-background-color\" style=\"text-align:justify\">W miniony pi\u0105tek po Mszy \u015awi\u0119tej szkolnej odby\u0142o si\u0119 wr\u0119czenie dyplom\u00f3w uczestnikom konkursu plastyczno-technicznego &#8222;M\u00f3j R\u00f3\u017caniec&#8221;. Laureaci otrzymali upominki o tematyce religijnej oraz artyku\u0142y plastyczne rozwijaj\u0105ce kreatywno\u015b\u0107. <\/br>Cieszymy si\u0119 z licznego udzia\u0142u. Dzi\u0119kujemy organizatorom za trud w\u0142o\u017cony w przygotowanie. Jednocze\u015bnie mamy nadziej\u0119, \u017ce konkurs pozwoli\u0142 przybli\u017cy\u0107 najm\u0142odszym (i nie tylko) ide\u0119 modlitwy r\u00f3\u017ca\u0144cowej.<\/p>\n\n\n\n<div style=\"height:5px\" aria-hidden=\"true\" class=\"wp-block-spacer\"><\/div>\n\n\n\n<!-- default-view.php -->\n<div\n\tclass=\"ngg-galleryoverview default-view \"\n\tid=\"ngg-gallery-60c72ff5a77b244da107585c0b9cc934-1\">\n\n\t\t<!-- Thumbnails -->\n\t\t\t\t<div id=\"ngg-image-0\" class=\"ngg-gallery-thumbnail-box \" >\n\t\t\t\t        <div class=\"ngg-gallery-thumbnail\">\n            <a href=\"https:\/\/www.parafia.rudyszwald.pl\/wp-content\/gallery\/moj-rozaniec-2023\/image002.jpg\"\n               title=\"\"\n               data-src=\"https:\/\/www.parafia.rudyszwald.pl\/wp-content\/gallery\/moj-rozaniec-2023\/image002.jpg\"\n               data-thumbnail=\"https:\/\/www.parafia.rudyszwald.pl\/wp-content\/gallery\/moj-rozaniec-2023\/thumbs\/thumbs_image002.jpg\"\n               data-image-id=\"510\"\n               data-title=\"image002\"\n               data-description=\"\"\n               data-image-slug=\"image002-6\"\n               class=\"ngg-simplelightbox\" rel=\"60c72ff5a77b244da107585c0b9cc934\">\n                <img\n                    title=\"image002\"\n                    alt=\"image002\"\n                    src=\"https:\/\/www.parafia.rudyszwald.pl\/wp-content\/gallery\/moj-rozaniec-2023\/thumbs\/thumbs_image002.jpg\"\n                    width=\"240\"\n                    height=\"160\"\n                    style=\"max-width:100%;\"\n                \/>\n            <\/a>\n        <\/div>\n\t\t\t\t\t\t\t<\/div> \n\t\t\t\n\t\t\t\t<div id=\"ngg-image-1\" class=\"ngg-gallery-thumbnail-box \" >\n\t\t\t\t        <div class=\"ngg-gallery-thumbnail\">\n            <a href=\"https:\/\/www.parafia.rudyszwald.pl\/wp-content\/gallery\/moj-rozaniec-2023\/image003.jpg\"\n               title=\"\"\n               data-src=\"https:\/\/www.parafia.rudyszwald.pl\/wp-content\/gallery\/moj-rozaniec-2023\/image003.jpg\"\n               data-thumbnail=\"https:\/\/www.parafia.rudyszwald.pl\/wp-content\/gallery\/moj-rozaniec-2023\/thumbs\/thumbs_image003.jpg\"\n               data-image-id=\"508\"\n               data-title=\"image003\"\n               data-description=\"\"\n               data-image-slug=\"image003-5\"\n               class=\"ngg-simplelightbox\" rel=\"60c72ff5a77b244da107585c0b9cc934\">\n                <img\n                    title=\"image003\"\n                    alt=\"image003\"\n                    src=\"https:\/\/www.parafia.rudyszwald.pl\/wp-content\/gallery\/moj-rozaniec-2023\/thumbs\/thumbs_image003.jpg\"\n                    width=\"240\"\n                    height=\"160\"\n                    style=\"max-width:100%;\"\n                \/>\n            <\/a>\n        <\/div>\n\t\t\t\t\t\t\t<\/div> \n\t\t\t\n\t\t\t\t<div id=\"ngg-image-2\" class=\"ngg-gallery-thumbnail-box \" >\n\t\t\t\t        <div class=\"ngg-gallery-thumbnail\">\n            <a href=\"https:\/\/www.parafia.rudyszwald.pl\/wp-content\/gallery\/moj-rozaniec-2023\/image001.jpg\"\n               title=\"\"\n               data-src=\"https:\/\/www.parafia.rudyszwald.pl\/wp-content\/gallery\/moj-rozaniec-2023\/image001.jpg\"\n               data-thumbnail=\"https:\/\/www.parafia.rudyszwald.pl\/wp-content\/gallery\/moj-rozaniec-2023\/thumbs\/thumbs_image001.jpg\"\n               data-image-id=\"507\"\n               data-title=\"image001\"\n               data-description=\"\"\n               data-image-slug=\"image001-6\"\n               class=\"ngg-simplelightbox\" rel=\"60c72ff5a77b244da107585c0b9cc934\">\n                <img\n                    title=\"image001\"\n                    alt=\"image001\"\n                    src=\"https:\/\/www.parafia.rudyszwald.pl\/wp-content\/gallery\/moj-rozaniec-2023\/thumbs\/thumbs_image001.jpg\"\n                    width=\"240\"\n                    height=\"160\"\n                    style=\"max-width:100%;\"\n                \/>\n            <\/a>\n        <\/div>\n\t\t\t\t\t\t\t<\/div> \n\t\t\t\n\t\t\t\t<div id=\"ngg-image-3\" class=\"ngg-gallery-thumbnail-box \" >\n\t\t\t\t        <div class=\"ngg-gallery-thumbnail\">\n            <a href=\"https:\/\/www.parafia.rudyszwald.pl\/wp-content\/gallery\/moj-rozaniec-2023\/image005.jpg\"\n               title=\"\"\n               data-src=\"https:\/\/www.parafia.rudyszwald.pl\/wp-content\/gallery\/moj-rozaniec-2023\/image005.jpg\"\n               data-thumbnail=\"https:\/\/www.parafia.rudyszwald.pl\/wp-content\/gallery\/moj-rozaniec-2023\/thumbs\/thumbs_image005.jpg\"\n               data-image-id=\"511\"\n               data-title=\"image005\"\n               data-description=\"\"\n               data-image-slug=\"image005-4\"\n               class=\"ngg-simplelightbox\" rel=\"60c72ff5a77b244da107585c0b9cc934\">\n                <img\n                    title=\"image005\"\n                    alt=\"image005\"\n                    src=\"https:\/\/www.parafia.rudyszwald.pl\/wp-content\/gallery\/moj-rozaniec-2023\/thumbs\/thumbs_image005.jpg\"\n                    width=\"240\"\n                    height=\"160\"\n                    style=\"max-width:100%;\"\n                \/>\n            <\/a>\n        <\/div>\n\t\t\t\t\t\t\t<\/div> \n\t\t\t\n\t\t\t\t<div id=\"ngg-image-4\" class=\"ngg-gallery-thumbnail-box \" >\n\t\t\t\t        <div class=\"ngg-gallery-thumbnail\">\n            <a href=\"https:\/\/www.parafia.rudyszwald.pl\/wp-content\/gallery\/moj-rozaniec-2023\/image011.jpg\"\n               title=\"\"\n               data-src=\"https:\/\/www.parafia.rudyszwald.pl\/wp-content\/gallery\/moj-rozaniec-2023\/image011.jpg\"\n               data-thumbnail=\"https:\/\/www.parafia.rudyszwald.pl\/wp-content\/gallery\/moj-rozaniec-2023\/thumbs\/thumbs_image011.jpg\"\n               data-image-id=\"497\"\n               data-title=\"image011\"\n               data-description=\"\"\n               data-image-slug=\"image011\"\n               class=\"ngg-simplelightbox\" rel=\"60c72ff5a77b244da107585c0b9cc934\">\n                <img\n                    title=\"image011\"\n                    alt=\"image011\"\n                    src=\"https:\/\/www.parafia.rudyszwald.pl\/wp-content\/gallery\/moj-rozaniec-2023\/thumbs\/thumbs_image011.jpg\"\n                    width=\"240\"\n                    height=\"160\"\n                    style=\"max-width:100%;\"\n                \/>\n            <\/a>\n        <\/div>\n\t\t\t\t\t\t\t<\/div> \n\t\t\t\n\t\t\t\t<div id=\"ngg-image-5\" class=\"ngg-gallery-thumbnail-box \" >\n\t\t\t\t        <div class=\"ngg-gallery-thumbnail\">\n            <a href=\"https:\/\/www.parafia.rudyszwald.pl\/wp-content\/gallery\/moj-rozaniec-2023\/image010.jpg\"\n               title=\"\"\n               data-src=\"https:\/\/www.parafia.rudyszwald.pl\/wp-content\/gallery\/moj-rozaniec-2023\/image010.jpg\"\n               data-thumbnail=\"https:\/\/www.parafia.rudyszwald.pl\/wp-content\/gallery\/moj-rozaniec-2023\/thumbs\/thumbs_image010.jpg\"\n               data-image-id=\"498\"\n               data-title=\"image010\"\n               data-description=\"\"\n               data-image-slug=\"image010\"\n               class=\"ngg-simplelightbox\" rel=\"60c72ff5a77b244da107585c0b9cc934\">\n                <img\n                    title=\"image010\"\n                    alt=\"image010\"\n                    src=\"https:\/\/www.parafia.rudyszwald.pl\/wp-content\/gallery\/moj-rozaniec-2023\/thumbs\/thumbs_image010.jpg\"\n                    width=\"240\"\n                    height=\"160\"\n                    style=\"max-width:100%;\"\n                \/>\n            <\/a>\n        <\/div>\n\t\t\t\t\t\t\t<\/div> \n\t\t\t\n\t\t\t\t<div id=\"ngg-image-6\" class=\"ngg-gallery-thumbnail-box \" >\n\t\t\t\t        <div class=\"ngg-gallery-thumbnail\">\n            <a href=\"https:\/\/www.parafia.rudyszwald.pl\/wp-content\/gallery\/moj-rozaniec-2023\/image013.jpg\"\n               title=\"\"\n               data-src=\"https:\/\/www.parafia.rudyszwald.pl\/wp-content\/gallery\/moj-rozaniec-2023\/image013.jpg\"\n               data-thumbnail=\"https:\/\/www.parafia.rudyszwald.pl\/wp-content\/gallery\/moj-rozaniec-2023\/thumbs\/thumbs_image013.jpg\"\n               data-image-id=\"499\"\n               data-title=\"image013\"\n               data-description=\"\"\n               data-image-slug=\"image013\"\n               class=\"ngg-simplelightbox\" rel=\"60c72ff5a77b244da107585c0b9cc934\">\n                <img\n                    title=\"image013\"\n                    alt=\"image013\"\n                    src=\"https:\/\/www.parafia.rudyszwald.pl\/wp-content\/gallery\/moj-rozaniec-2023\/thumbs\/thumbs_image013.jpg\"\n                    width=\"240\"\n                    height=\"160\"\n                    style=\"max-width:100%;\"\n                \/>\n            <\/a>\n        <\/div>\n\t\t\t\t\t\t\t<\/div> \n\t\t\t\n\t\t\t\t<div id=\"ngg-image-7\" class=\"ngg-gallery-thumbnail-box \" >\n\t\t\t\t        <div class=\"ngg-gallery-thumbnail\">\n            <a href=\"https:\/\/www.parafia.rudyszwald.pl\/wp-content\/gallery\/moj-rozaniec-2023\/image014.jpg\"\n               title=\"\"\n               data-src=\"https:\/\/www.parafia.rudyszwald.pl\/wp-content\/gallery\/moj-rozaniec-2023\/image014.jpg\"\n               data-thumbnail=\"https:\/\/www.parafia.rudyszwald.pl\/wp-content\/gallery\/moj-rozaniec-2023\/thumbs\/thumbs_image014.jpg\"\n               data-image-id=\"500\"\n               data-title=\"image014\"\n               data-description=\"\"\n               data-image-slug=\"image014\"\n               class=\"ngg-simplelightbox\" rel=\"60c72ff5a77b244da107585c0b9cc934\">\n                <img\n                    title=\"image014\"\n                    alt=\"image014\"\n                    src=\"https:\/\/www.parafia.rudyszwald.pl\/wp-content\/gallery\/moj-rozaniec-2023\/thumbs\/thumbs_image014.jpg\"\n                    width=\"240\"\n                    height=\"160\"\n                    style=\"max-width:100%;\"\n                \/>\n            <\/a>\n        <\/div>\n\t\t\t\t\t\t\t<\/div> \n\t\t\t\n\t\t\t\t<div id=\"ngg-image-8\" class=\"ngg-gallery-thumbnail-box \" >\n\t\t\t\t        <div class=\"ngg-gallery-thumbnail\">\n            <a href=\"https:\/\/www.parafia.rudyszwald.pl\/wp-content\/gallery\/moj-rozaniec-2023\/image012.jpg\"\n               title=\"\"\n               data-src=\"https:\/\/www.parafia.rudyszwald.pl\/wp-content\/gallery\/moj-rozaniec-2023\/image012.jpg\"\n               data-thumbnail=\"https:\/\/www.parafia.rudyszwald.pl\/wp-content\/gallery\/moj-rozaniec-2023\/thumbs\/thumbs_image012.jpg\"\n               data-image-id=\"501\"\n               data-title=\"image012\"\n               data-description=\"\"\n               data-image-slug=\"image012\"\n               class=\"ngg-simplelightbox\" rel=\"60c72ff5a77b244da107585c0b9cc934\">\n                <img\n                    title=\"image012\"\n                    alt=\"image012\"\n                    src=\"https:\/\/www.parafia.rudyszwald.pl\/wp-content\/gallery\/moj-rozaniec-2023\/thumbs\/thumbs_image012.jpg\"\n                    width=\"240\"\n                    height=\"160\"\n                    style=\"max-width:100%;\"\n                \/>\n            <\/a>\n        <\/div>\n\t\t\t\t\t\t\t<\/div> \n\t\t\t\n\t\t\t\t<div id=\"ngg-image-9\" class=\"ngg-gallery-thumbnail-box \" >\n\t\t\t\t        <div class=\"ngg-gallery-thumbnail\">\n            <a href=\"https:\/\/www.parafia.rudyszwald.pl\/wp-content\/gallery\/moj-rozaniec-2023\/image015.jpg\"\n               title=\"\"\n               data-src=\"https:\/\/www.parafia.rudyszwald.pl\/wp-content\/gallery\/moj-rozaniec-2023\/image015.jpg\"\n               data-thumbnail=\"https:\/\/www.parafia.rudyszwald.pl\/wp-content\/gallery\/moj-rozaniec-2023\/thumbs\/thumbs_image015.jpg\"\n               data-image-id=\"502\"\n               data-title=\"image015\"\n               data-description=\"\"\n               data-image-slug=\"image015\"\n               class=\"ngg-simplelightbox\" rel=\"60c72ff5a77b244da107585c0b9cc934\">\n                <img\n                    title=\"image015\"\n                    alt=\"image015\"\n                    src=\"https:\/\/www.parafia.rudyszwald.pl\/wp-content\/gallery\/moj-rozaniec-2023\/thumbs\/thumbs_image015.jpg\"\n                    width=\"240\"\n                    height=\"160\"\n                    style=\"max-width:100%;\"\n                \/>\n            <\/a>\n        <\/div>\n\t\t\t\t\t\t\t<\/div> \n\t\t\t\n\t\t\t\t<div id=\"ngg-image-10\" class=\"ngg-gallery-thumbnail-box \" >\n\t\t\t\t        <div class=\"ngg-gallery-thumbnail\">\n            <a href=\"https:\/\/www.parafia.rudyszwald.pl\/wp-content\/gallery\/moj-rozaniec-2023\/image016.jpg\"\n               title=\"\"\n               data-src=\"https:\/\/www.parafia.rudyszwald.pl\/wp-content\/gallery\/moj-rozaniec-2023\/image016.jpg\"\n               data-thumbnail=\"https:\/\/www.parafia.rudyszwald.pl\/wp-content\/gallery\/moj-rozaniec-2023\/thumbs\/thumbs_image016.jpg\"\n               data-image-id=\"503\"\n               data-title=\"image016\"\n               data-description=\"\"\n               data-image-slug=\"image016\"\n               class=\"ngg-simplelightbox\" rel=\"60c72ff5a77b244da107585c0b9cc934\">\n                <img\n                    title=\"image016\"\n                    alt=\"image016\"\n                    src=\"https:\/\/www.parafia.rudyszwald.pl\/wp-content\/gallery\/moj-rozaniec-2023\/thumbs\/thumbs_image016.jpg\"\n                    width=\"240\"\n                    height=\"160\"\n                    style=\"max-width:100%;\"\n                \/>\n            <\/a>\n        <\/div>\n\t\t\t\t\t\t\t<\/div> \n\t\t\t\n\t\t\t\t<div id=\"ngg-image-11\" class=\"ngg-gallery-thumbnail-box \" >\n\t\t\t\t        <div class=\"ngg-gallery-thumbnail\">\n            <a href=\"https:\/\/www.parafia.rudyszwald.pl\/wp-content\/gallery\/moj-rozaniec-2023\/image017.jpg\"\n               title=\"\"\n               data-src=\"https:\/\/www.parafia.rudyszwald.pl\/wp-content\/gallery\/moj-rozaniec-2023\/image017.jpg\"\n               data-thumbnail=\"https:\/\/www.parafia.rudyszwald.pl\/wp-content\/gallery\/moj-rozaniec-2023\/thumbs\/thumbs_image017.jpg\"\n               data-image-id=\"504\"\n               data-title=\"image017\"\n               data-description=\"\"\n               data-image-slug=\"image017\"\n               class=\"ngg-simplelightbox\" rel=\"60c72ff5a77b244da107585c0b9cc934\">\n                <img\n                    title=\"image017\"\n                    alt=\"image017\"\n                    src=\"https:\/\/www.parafia.rudyszwald.pl\/wp-content\/gallery\/moj-rozaniec-2023\/thumbs\/thumbs_image017.jpg\"\n                    width=\"240\"\n                    height=\"160\"\n                    style=\"max-width:100%;\"\n                \/>\n            <\/a>\n        <\/div>\n\t\t\t\t\t\t\t<\/div> \n\t\t\t\n\t\t\t\t<div id=\"ngg-image-12\" class=\"ngg-gallery-thumbnail-box \" >\n\t\t\t\t        <div class=\"ngg-gallery-thumbnail\">\n            <a href=\"https:\/\/www.parafia.rudyszwald.pl\/wp-content\/gallery\/moj-rozaniec-2023\/image019.jpg\"\n               title=\"\"\n               data-src=\"https:\/\/www.parafia.rudyszwald.pl\/wp-content\/gallery\/moj-rozaniec-2023\/image019.jpg\"\n               data-thumbnail=\"https:\/\/www.parafia.rudyszwald.pl\/wp-content\/gallery\/moj-rozaniec-2023\/thumbs\/thumbs_image019.jpg\"\n               data-image-id=\"505\"\n               data-title=\"image019\"\n               data-description=\"\"\n               data-image-slug=\"image019\"\n               class=\"ngg-simplelightbox\" rel=\"60c72ff5a77b244da107585c0b9cc934\">\n                <img\n                    title=\"image019\"\n                    alt=\"image019\"\n                    src=\"https:\/\/www.parafia.rudyszwald.pl\/wp-content\/gallery\/moj-rozaniec-2023\/thumbs\/thumbs_image019.jpg\"\n                    width=\"240\"\n                    height=\"160\"\n                    style=\"max-width:100%;\"\n                \/>\n            <\/a>\n        <\/div>\n\t\t\t\t\t\t\t<\/div> \n\t\t\t\n\t\t\t\t<div id=\"ngg-image-13\" class=\"ngg-gallery-thumbnail-box \" >\n\t\t\t\t        <div class=\"ngg-gallery-thumbnail\">\n            <a href=\"https:\/\/www.parafia.rudyszwald.pl\/wp-content\/gallery\/moj-rozaniec-2023\/image018.jpg\"\n               title=\"\"\n               data-src=\"https:\/\/www.parafia.rudyszwald.pl\/wp-content\/gallery\/moj-rozaniec-2023\/image018.jpg\"\n               data-thumbnail=\"https:\/\/www.parafia.rudyszwald.pl\/wp-content\/gallery\/moj-rozaniec-2023\/thumbs\/thumbs_image018.jpg\"\n               data-image-id=\"506\"\n               data-title=\"image018\"\n               data-description=\"\"\n               data-image-slug=\"image018\"\n               class=\"ngg-simplelightbox\" rel=\"60c72ff5a77b244da107585c0b9cc934\">\n                <img\n                    title=\"image018\"\n                    alt=\"image018\"\n                    src=\"https:\/\/www.parafia.rudyszwald.pl\/wp-content\/gallery\/moj-rozaniec-2023\/thumbs\/thumbs_image018.jpg\"\n                    width=\"240\"\n                    height=\"160\"\n                    style=\"max-width:100%;\"\n                \/>\n            <\/a>\n        <\/div>\n\t\t\t\t\t\t\t<\/div> \n\t\t\t\n\t\t\t\t<div id=\"ngg-image-14\" class=\"ngg-gallery-thumbnail-box \" >\n\t\t\t\t        <div class=\"ngg-gallery-thumbnail\">\n            <a href=\"https:\/\/www.parafia.rudyszwald.pl\/wp-content\/gallery\/moj-rozaniec-2023\/image004.jpg\"\n               title=\"\"\n               data-src=\"https:\/\/www.parafia.rudyszwald.pl\/wp-content\/gallery\/moj-rozaniec-2023\/image004.jpg\"\n               data-thumbnail=\"https:\/\/www.parafia.rudyszwald.pl\/wp-content\/gallery\/moj-rozaniec-2023\/thumbs\/thumbs_image004.jpg\"\n               data-image-id=\"509\"\n               data-title=\"image004\"\n               data-description=\"\"\n               data-image-slug=\"image004-4\"\n               class=\"ngg-simplelightbox\" rel=\"60c72ff5a77b244da107585c0b9cc934\">\n                <img\n                    title=\"image004\"\n                    alt=\"image004\"\n                    src=\"https:\/\/www.parafia.rudyszwald.pl\/wp-content\/gallery\/moj-rozaniec-2023\/thumbs\/thumbs_image004.jpg\"\n                    width=\"240\"\n                    height=\"160\"\n                    style=\"max-width:100%;\"\n                \/>\n            <\/a>\n        <\/div>\n\t\t\t\t\t\t\t<\/div> \n\t\t\t\n\t\t\t\t<div id=\"ngg-image-15\" class=\"ngg-gallery-thumbnail-box \" >\n\t\t\t\t        <div class=\"ngg-gallery-thumbnail\">\n            <a href=\"https:\/\/www.parafia.rudyszwald.pl\/wp-content\/gallery\/moj-rozaniec-2023\/image007.jpg\"\n               title=\"\"\n               data-src=\"https:\/\/www.parafia.rudyszwald.pl\/wp-content\/gallery\/moj-rozaniec-2023\/image007.jpg\"\n               data-thumbnail=\"https:\/\/www.parafia.rudyszwald.pl\/wp-content\/gallery\/moj-rozaniec-2023\/thumbs\/thumbs_image007.jpg\"\n               data-image-id=\"512\"\n               data-title=\"image007\"\n               data-description=\"\"\n               data-image-slug=\"image007-2\"\n               class=\"ngg-simplelightbox\" rel=\"60c72ff5a77b244da107585c0b9cc934\">\n                <img\n                    title=\"image007\"\n                    alt=\"image007\"\n                    src=\"https:\/\/www.parafia.rudyszwald.pl\/wp-content\/gallery\/moj-rozaniec-2023\/thumbs\/thumbs_image007.jpg\"\n                    width=\"240\"\n                    height=\"160\"\n                    style=\"max-width:100%;\"\n                \/>\n            <\/a>\n        <\/div>\n\t\t\t\t\t\t\t<\/div> \n\t\t\t\n\t\t\t\t<div id=\"ngg-image-16\" class=\"ngg-gallery-thumbnail-box \" >\n\t\t\t\t        <div class=\"ngg-gallery-thumbnail\">\n            <a href=\"https:\/\/www.parafia.rudyszwald.pl\/wp-content\/gallery\/moj-rozaniec-2023\/image006.jpg\"\n               title=\"\"\n               data-src=\"https:\/\/www.parafia.rudyszwald.pl\/wp-content\/gallery\/moj-rozaniec-2023\/image006.jpg\"\n               data-thumbnail=\"https:\/\/www.parafia.rudyszwald.pl\/wp-content\/gallery\/moj-rozaniec-2023\/thumbs\/thumbs_image006.jpg\"\n               data-image-id=\"513\"\n               data-title=\"image006\"\n               data-description=\"\"\n               data-image-slug=\"image006-3\"\n               class=\"ngg-simplelightbox\" rel=\"60c72ff5a77b244da107585c0b9cc934\">\n                <img\n                    title=\"image006\"\n                    alt=\"image006\"\n                    src=\"https:\/\/www.parafia.rudyszwald.pl\/wp-content\/gallery\/moj-rozaniec-2023\/thumbs\/thumbs_image006.jpg\"\n                    width=\"240\"\n                    height=\"160\"\n                    style=\"max-width:100%;\"\n                \/>\n            <\/a>\n        <\/div>\n\t\t\t\t\t\t\t<\/div> \n\t\t\t\n\t\t\t\t<div id=\"ngg-image-17\" class=\"ngg-gallery-thumbnail-box \" >\n\t\t\t\t        <div class=\"ngg-gallery-thumbnail\">\n            <a href=\"https:\/\/www.parafia.rudyszwald.pl\/wp-content\/gallery\/moj-rozaniec-2023\/image008.jpg\"\n               title=\"\"\n               data-src=\"https:\/\/www.parafia.rudyszwald.pl\/wp-content\/gallery\/moj-rozaniec-2023\/image008.jpg\"\n               data-thumbnail=\"https:\/\/www.parafia.rudyszwald.pl\/wp-content\/gallery\/moj-rozaniec-2023\/thumbs\/thumbs_image008.jpg\"\n               data-image-id=\"514\"\n               data-title=\"image008\"\n               data-description=\"\"\n               data-image-slug=\"image008-1\"\n               class=\"ngg-simplelightbox\" rel=\"60c72ff5a77b244da107585c0b9cc934\">\n                <img\n                    title=\"image008\"\n                    alt=\"image008\"\n                    src=\"https:\/\/www.parafia.rudyszwald.pl\/wp-content\/gallery\/moj-rozaniec-2023\/thumbs\/thumbs_image008.jpg\"\n                    width=\"240\"\n                    height=\"160\"\n                    style=\"max-width:100%;\"\n                \/>\n            <\/a>\n        <\/div>\n\t\t\t\t\t\t\t<\/div> \n\t\t\t\n\t\t\t\t<div id=\"ngg-image-18\" class=\"ngg-gallery-thumbnail-box \" >\n\t\t\t\t        <div class=\"ngg-gallery-thumbnail\">\n            <a href=\"https:\/\/www.parafia.rudyszwald.pl\/wp-content\/gallery\/moj-rozaniec-2023\/image009.jpg\"\n               title=\"\"\n               data-src=\"https:\/\/www.parafia.rudyszwald.pl\/wp-content\/gallery\/moj-rozaniec-2023\/image009.jpg\"\n               data-thumbnail=\"https:\/\/www.parafia.rudyszwald.pl\/wp-content\/gallery\/moj-rozaniec-2023\/thumbs\/thumbs_image009.jpg\"\n               data-image-id=\"515\"\n               data-title=\"image009\"\n               data-description=\"\"\n               data-image-slug=\"image009-1\"\n               class=\"ngg-simplelightbox\" rel=\"60c72ff5a77b244da107585c0b9cc934\">\n                <img\n                    title=\"image009\"\n                    alt=\"image009\"\n                    src=\"https:\/\/www.parafia.rudyszwald.pl\/wp-content\/gallery\/moj-rozaniec-2023\/thumbs\/thumbs_image009.jpg\"\n                    width=\"240\"\n                    height=\"160\"\n                    style=\"max-width:100%;\"\n                \/>\n            <\/a>\n        <\/div>\n\t\t\t\t\t\t\t<\/div> \n\t\t\t\n\t\n\t<br style=\"clear: both\" \/>\n\n\t\n\t\t<!-- Pagination -->\n\t<div class='ngg-clear'><\/div>\t<\/div>\n\n\n\n\n<div style=\"height:5px\" aria-hidden=\"true\" class=\"wp-block-spacer\"><\/div>\n\n\n\n<p><em>fot. A.Bozig\u00f3rski<\/em><\/p>\n\n\n\n<div style=\"height:30px\" aria-hidden=\"true\" class=\"wp-block-spacer\"><\/div>\n\n\n\n<div class=\"is-content-justification-center is-layout-flex wp-container-1 wp-block-buttons\">\n<div class=\"wp-block-button is-style-outline\"><a class=\"wp-block-button__link wp-element-button\" href=\"https:\/\/www.parafia.rudyszwald.pl\/\">strona g\u0142\u00f3wna<\/a><\/div>\n<\/div>\n","protected":false},"excerpt":{"rendered":"<p>W miniony pi\u0105tek po Mszy \u015awi\u0119tej szkolnej odby\u0142o si\u0119 wr\u0119czenie dyplom\u00f3w uczestnikom konkursu plastyczno-technicznego &#8222;M\u00f3j R\u00f3\u017caniec&#8221;. Laureaci otrzymali upominki o tematyce religijnej oraz artyku\u0142y plastyczne rozwijaj\u0105ce kreatywno\u015b\u0107. Cieszymy si\u0119 z licznego udzia\u0142u. Dzi\u0119kujemy organizatorom za trud w\u0142o\u017cony w przygotowanie. Jednocze\u015bnie mamy nadziej\u0119, \u017ce konkurs pozwoli\u0142 przybli\u017cy\u0107 najm\u0142odszym (i nie tylko)<\/p>\n<div class=\"belowpost\"><a class=\"btnmore icon-arrow\" href=\"https:\/\/www.parafia.rudyszwald.pl\/index.php\/2023\/10\/30\/rozstrzygniecie-konkursu-moj-rozaniec\/\"><span>Read More<\/span><\/a><\/div>\n","protected":false},"author":1,"featured_media":4383,"comment_status":"closed","ping_status":"closed","sticky":false,"template":"","format":"standard","meta":{"_exactmetrics_skip_tracking":false,"_exactmetrics_sitenote_active":false,"_exactmetrics_sitenote_note":"","_exactmetrics_sitenote_category":0,"ngg_post_thumbnail":0,"jetpack_publicize_message":"","jetpack_is_tweetstorm":false,"jetpack_publicize_feature_enabled":true,"jetpack_social_post_already_shared":true,"jetpack_social_options":[]},"categories":[6,1],"tags":[],"jetpack_publicize_connections":[],"yoast_head":"<!-- This site is optimized with the Yoast SEO plugin v19.11 - https:\/\/yoast.com\/wordpress\/plugins\/seo\/ -->\n<title>Rozstrzygni\u0119cie konkursu M\u00f3j R\u00f3\u017caniec - Parafia Tr\u00f3jcy \u015awi\u0119tej w Rudyszwa\u0142dzie<\/title>\n<meta name=\"robots\" content=\"index, follow, max-snippet:-1, max-image-preview:large, max-video-preview:-1\" \/>\n<link rel=\"canonical\" href=\"https:\/\/www.parafia.rudyszwald.pl\/index.php\/2023\/10\/30\/rozstrzygniecie-konkursu-moj-rozaniec\/\" \/>\n<meta property=\"og:locale\" content=\"pl_PL\" \/>\n<meta property=\"og:type\" content=\"article\" \/>\n<meta property=\"og:title\" content=\"Rozstrzygni\u0119cie konkursu M\u00f3j R\u00f3\u017caniec - Parafia Tr\u00f3jcy \u015awi\u0119tej w Rudyszwa\u0142dzie\" \/>\n<meta property=\"og:description\" content=\"W miniony pi\u0105tek po Mszy \u015awi\u0119tej szkolnej odby\u0142o si\u0119 wr\u0119czenie dyplom\u00f3w uczestnikom konkursu plastyczno-technicznego &#8222;M\u00f3j R\u00f3\u017caniec&#8221;. Laureaci otrzymali upominki o tematyce religijnej oraz artyku\u0142y plastyczne rozwijaj\u0105ce kreatywno\u015b\u0107. Cieszymy si\u0119 z licznego udzia\u0142u. Dzi\u0119kujemy organizatorom za trud w\u0142o\u017cony w przygotowanie. Jednocze\u015bnie mamy nadziej\u0119, \u017ce konkurs pozwoli\u0142 przybli\u017cy\u0107 najm\u0142odszym (i nie tylko)Read More\" \/>\n<meta property=\"og:url\" content=\"https:\/\/www.parafia.rudyszwald.pl\/index.php\/2023\/10\/30\/rozstrzygniecie-konkursu-moj-rozaniec\/\" \/>\n<meta property=\"og:site_name\" content=\"Parafia Tr\u00f3jcy \u015awi\u0119tej w Rudyszwa\u0142dzie\" \/>\n<meta property=\"article:published_time\" content=\"2023-10-30T17:54:52+00:00\" \/>\n<meta property=\"article:modified_time\" content=\"2023-10-30T17:58:29+00:00\" \/>\n<meta property=\"og:image\" content=\"https:\/\/www.parafia.rudyszwald.pl\/wp-content\/uploads\/2023\/10\/image013-\u2014-kopia.jpg\" \/>\n\t<meta property=\"og:image:width\" content=\"1082\" \/>\n\t<meta property=\"og:image:height\" content=\"721\" \/>\n\t<meta property=\"og:image:type\" content=\"image\/jpeg\" \/>\n<meta name=\"author\" content=\"autor\" \/>\n<meta name=\"twitter:card\" content=\"summary_large_image\" \/>\n<meta name=\"twitter:label1\" content=\"Napisane przez\" \/>\n\t<meta name=\"twitter:data1\" content=\"autor\" \/>\n\t<meta name=\"twitter:label2\" content=\"Szacowany czas czytania\" \/>\n\t<meta name=\"twitter:data2\" content=\"1 minuta\" \/>\n<script type=\"application\/ld+json\" class=\"yoast-schema-graph\">{\"@context\":\"https:\/\/schema.org\",\"@graph\":[{\"@type\":\"Article\",\"@id\":\"https:\/\/www.parafia.rudyszwald.pl\/index.php\/2023\/10\/30\/rozstrzygniecie-konkursu-moj-rozaniec\/#article\",\"isPartOf\":{\"@id\":\"https:\/\/www.parafia.rudyszwald.pl\/index.php\/2023\/10\/30\/rozstrzygniecie-konkursu-moj-rozaniec\/\"},\"author\":{\"name\":\"autor\",\"@id\":\"https:\/\/www.parafia.rudyszwald.pl\/#\/schema\/person\/eb159108ad8344c6f9788dffff106b65\"},\"headline\":\"Rozstrzygni\u0119cie konkursu M\u00f3j R\u00f3\u017caniec\",\"datePublished\":\"2023-10-30T17:54:52+00:00\",\"dateModified\":\"2023-10-30T17:58:29+00:00\",\"mainEntityOfPage\":{\"@id\":\"https:\/\/www.parafia.rudyszwald.pl\/index.php\/2023\/10\/30\/rozstrzygniecie-konkursu-moj-rozaniec\/\"},\"wordCount\":98,\"publisher\":{\"@id\":\"https:\/\/www.parafia.rudyszwald.pl\/#organization\"},\"articleSection\":[\"Aktualno\u015bci Dzieci Maryi\",\"wszystkie aktualno\u015bci\"],\"inLanguage\":\"pl-PL\"},{\"@type\":\"WebPage\",\"@id\":\"https:\/\/www.parafia.rudyszwald.pl\/index.php\/2023\/10\/30\/rozstrzygniecie-konkursu-moj-rozaniec\/\",\"url\":\"https:\/\/www.parafia.rudyszwald.pl\/index.php\/2023\/10\/30\/rozstrzygniecie-konkursu-moj-rozaniec\/\",\"name\":\"Rozstrzygni\u0119cie konkursu M\u00f3j R\u00f3\u017caniec - Parafia Tr\u00f3jcy \u015awi\u0119tej w Rudyszwa\u0142dzie\",\"isPartOf\":{\"@id\":\"https:\/\/www.parafia.rudyszwald.pl\/#website\"},\"datePublished\":\"2023-10-30T17:54:52+00:00\",\"dateModified\":\"2023-10-30T17:58:29+00:00\",\"breadcrumb\":{\"@id\":\"https:\/\/www.parafia.rudyszwald.pl\/index.php\/2023\/10\/30\/rozstrzygniecie-konkursu-moj-rozaniec\/#breadcrumb\"},\"inLanguage\":\"pl-PL\",\"potentialAction\":[{\"@type\":\"ReadAction\",\"target\":[\"https:\/\/www.parafia.rudyszwald.pl\/index.php\/2023\/10\/30\/rozstrzygniecie-konkursu-moj-rozaniec\/\"]}]},{\"@type\":\"BreadcrumbList\",\"@id\":\"https:\/\/www.parafia.rudyszwald.pl\/index.php\/2023\/10\/30\/rozstrzygniecie-konkursu-moj-rozaniec\/#breadcrumb\",\"itemListElement\":[{\"@type\":\"ListItem\",\"position\":1,\"name\":\"Strona g\u0142\u00f3wna\",\"item\":\"https:\/\/www.parafia.rudyszwald.pl\/\"},{\"@type\":\"ListItem\",\"position\":2,\"name\":\"Rozstrzygni\u0119cie konkursu M\u00f3j R\u00f3\u017caniec\"}]},{\"@type\":\"WebSite\",\"@id\":\"https:\/\/www.parafia.rudyszwald.pl\/#website\",\"url\":\"https:\/\/www.parafia.rudyszwald.pl\/\",\"name\":\"Parafia Tr\u00f3jcy \u015awi\u0119tej w Rudyszwa\u0142dzie\",\"description\":\"Parafia Rudyszwa\u0142d\",\"publisher\":{\"@id\":\"https:\/\/www.parafia.rudyszwald.pl\/#organization\"},\"potentialAction\":[{\"@type\":\"SearchAction\",\"target\":{\"@type\":\"EntryPoint\",\"urlTemplate\":\"https:\/\/www.parafia.rudyszwald.pl\/?s={search_term_string}\"},\"query-input\":\"required name=search_term_string\"}],\"inLanguage\":\"pl-PL\"},{\"@type\":\"Organization\",\"@id\":\"https:\/\/www.parafia.rudyszwald.pl\/#organization\",\"name\":\"Parafia Tr\u00f3jcy \u015awi\u0119tej w Rudyszwa\u0142dzie\",\"url\":\"https:\/\/www.parafia.rudyszwald.pl\/\",\"logo\":{\"@type\":\"ImageObject\",\"inLanguage\":\"pl-PL\",\"@id\":\"https:\/\/www.parafia.rudyszwald.pl\/#\/schema\/logo\/image\/\",\"url\":\"https:\/\/www.parafia.rudyszwald.pl\/wp-content\/uploads\/2019\/07\/IMG_1_DxO-copy-\u2014-kopia2-\u2014-kopia-2.jpg\",\"contentUrl\":\"https:\/\/www.parafia.rudyszwald.pl\/wp-content\/uploads\/2019\/07\/IMG_1_DxO-copy-\u2014-kopia2-\u2014-kopia-2.jpg\",\"width\":464,\"height\":711,\"caption\":\"Parafia Tr\u00f3jcy \u015awi\u0119tej w Rudyszwa\u0142dzie\"},\"image\":{\"@id\":\"https:\/\/www.parafia.rudyszwald.pl\/#\/schema\/logo\/image\/\"}},{\"@type\":\"Person\",\"@id\":\"https:\/\/www.parafia.rudyszwald.pl\/#\/schema\/person\/eb159108ad8344c6f9788dffff106b65\",\"name\":\"autor\",\"url\":\"https:\/\/www.parafia.rudyszwald.pl\/index.php\/author\/rudyszwald\/\"}]}<\/script>\n<!-- \/ Yoast SEO plugin. -->","yoast_head_json":{"title":"Rozstrzygni\u0119cie konkursu M\u00f3j R\u00f3\u017caniec - Parafia Tr\u00f3jcy \u015awi\u0119tej w Rudyszwa\u0142dzie","robots":{"index":"index","follow":"follow","max-snippet":"max-snippet:-1","max-image-preview":"max-image-preview:large","max-video-preview":"max-video-preview:-1"},"canonical":"https:\/\/www.parafia.rudyszwald.pl\/index.php\/2023\/10\/30\/rozstrzygniecie-konkursu-moj-rozaniec\/","og_locale":"pl_PL","og_type":"article","og_title":"Rozstrzygni\u0119cie konkursu M\u00f3j R\u00f3\u017caniec - Parafia Tr\u00f3jcy \u015awi\u0119tej w Rudyszwa\u0142dzie","og_description":"W miniony pi\u0105tek po Mszy \u015awi\u0119tej szkolnej odby\u0142o si\u0119 wr\u0119czenie dyplom\u00f3w uczestnikom konkursu plastyczno-technicznego &#8222;M\u00f3j R\u00f3\u017caniec&#8221;. Laureaci otrzymali upominki o tematyce religijnej oraz artyku\u0142y plastyczne rozwijaj\u0105ce kreatywno\u015b\u0107. Cieszymy si\u0119 z licznego udzia\u0142u. Dzi\u0119kujemy organizatorom za trud w\u0142o\u017cony w przygotowanie. Jednocze\u015bnie mamy nadziej\u0119, \u017ce konkurs pozwoli\u0142 przybli\u017cy\u0107 najm\u0142odszym (i nie tylko)Read More","og_url":"https:\/\/www.parafia.rudyszwald.pl\/index.php\/2023\/10\/30\/rozstrzygniecie-konkursu-moj-rozaniec\/","og_site_name":"Parafia Tr\u00f3jcy \u015awi\u0119tej w Rudyszwa\u0142dzie","article_published_time":"2023-10-30T17:54:52+00:00","article_modified_time":"2023-10-30T17:58:29+00:00","og_image":[{"width":1082,"height":721,"url":"https:\/\/www.parafia.rudyszwald.pl\/wp-content\/uploads\/2023\/10\/image013-\u2014-kopia.jpg","type":"image\/jpeg"}],"author":"autor","twitter_card":"summary_large_image","twitter_misc":{"Napisane przez":"autor","Szacowany czas czytania":"1 minuta"},"schema":{"@context":"https:\/\/schema.org","@graph":[{"@type":"Article","@id":"https:\/\/www.parafia.rudyszwald.pl\/index.php\/2023\/10\/30\/rozstrzygniecie-konkursu-moj-rozaniec\/#article","isPartOf":{"@id":"https:\/\/www.parafia.rudyszwald.pl\/index.php\/2023\/10\/30\/rozstrzygniecie-konkursu-moj-rozaniec\/"},"author":{"name":"autor","@id":"https:\/\/www.parafia.rudyszwald.pl\/#\/schema\/person\/eb159108ad8344c6f9788dffff106b65"},"headline":"Rozstrzygni\u0119cie konkursu M\u00f3j R\u00f3\u017caniec","datePublished":"2023-10-30T17:54:52+00:00","dateModified":"2023-10-30T17:58:29+00:00","mainEntityOfPage":{"@id":"https:\/\/www.parafia.rudyszwald.pl\/index.php\/2023\/10\/30\/rozstrzygniecie-konkursu-moj-rozaniec\/"},"wordCount":98,"publisher":{"@id":"https:\/\/www.parafia.rudyszwald.pl\/#organization"},"articleSection":["Aktualno\u015bci Dzieci Maryi","wszystkie aktualno\u015bci"],"inLanguage":"pl-PL"},{"@type":"WebPage","@id":"https:\/\/www.parafia.rudyszwald.pl\/index.php\/2023\/10\/30\/rozstrzygniecie-konkursu-moj-rozaniec\/","url":"https:\/\/www.parafia.rudyszwald.pl\/index.php\/2023\/10\/30\/rozstrzygniecie-konkursu-moj-rozaniec\/","name":"Rozstrzygni\u0119cie konkursu M\u00f3j R\u00f3\u017caniec - Parafia Tr\u00f3jcy \u015awi\u0119tej w Rudyszwa\u0142dzie","isPartOf":{"@id":"https:\/\/www.parafia.rudyszwald.pl\/#website"},"datePublished":"2023-10-30T17:54:52+00:00","dateModified":"2023-10-30T17:58:29+00:00","breadcrumb":{"@id":"https:\/\/www.parafia.rudyszwald.pl\/index.php\/2023\/10\/30\/rozstrzygniecie-konkursu-moj-rozaniec\/#breadcrumb"},"inLanguage":"pl-PL","potentialAction":[{"@type":"ReadAction","target":["https:\/\/www.parafia.rudyszwald.pl\/index.php\/2023\/10\/30\/rozstrzygniecie-konkursu-moj-rozaniec\/"]}]},{"@type":"BreadcrumbList","@id":"https:\/\/www.parafia.rudyszwald.pl\/index.php\/2023\/10\/30\/rozstrzygniecie-konkursu-moj-rozaniec\/#breadcrumb","itemListElement":[{"@type":"ListItem","position":1,"name":"Strona g\u0142\u00f3wna","item":"https:\/\/www.parafia.rudyszwald.pl\/"},{"@type":"ListItem","position":2,"name":"Rozstrzygni\u0119cie konkursu M\u00f3j R\u00f3\u017caniec"}]},{"@type":"WebSite","@id":"https:\/\/www.parafia.rudyszwald.pl\/#website","url":"https:\/\/www.parafia.rudyszwald.pl\/","name":"Parafia Tr\u00f3jcy \u015awi\u0119tej w Rudyszwa\u0142dzie","description":"Parafia Rudyszwa\u0142d","publisher":{"@id":"https:\/\/www.parafia.rudyszwald.pl\/#organization"},"potentialAction":[{"@type":"SearchAction","target":{"@type":"EntryPoint","urlTemplate":"https:\/\/www.parafia.rudyszwald.pl\/?s={search_term_string}"},"query-input":"required name=search_term_string"}],"inLanguage":"pl-PL"},{"@type":"Organization","@id":"https:\/\/www.parafia.rudyszwald.pl\/#organization","name":"Parafia Tr\u00f3jcy \u015awi\u0119tej w Rudyszwa\u0142dzie","url":"https:\/\/www.parafia.rudyszwald.pl\/","logo":{"@type":"ImageObject","inLanguage":"pl-PL","@id":"https:\/\/www.parafia.rudyszwald.pl\/#\/schema\/logo\/image\/","url":"https:\/\/www.parafia.rudyszwald.pl\/wp-content\/uploads\/2019\/07\/IMG_1_DxO-copy-\u2014-kopia2-\u2014-kopia-2.jpg","contentUrl":"https:\/\/www.parafia.rudyszwald.pl\/wp-content\/uploads\/2019\/07\/IMG_1_DxO-copy-\u2014-kopia2-\u2014-kopia-2.jpg","width":464,"height":711,"caption":"Parafia Tr\u00f3jcy \u015awi\u0119tej w Rudyszwa\u0142dzie"},"image":{"@id":"https:\/\/www.parafia.rudyszwald.pl\/#\/schema\/logo\/image\/"}},{"@type":"Person","@id":"https:\/\/www.parafia.rudyszwald.pl\/#\/schema\/person\/eb159108ad8344c6f9788dffff106b65","name":"autor","url":"https:\/\/www.parafia.rudyszwald.pl\/index.php\/author\/rudyszwald\/"}]}},"jetpack_featured_media_url":"https:\/\/www.parafia.rudyszwald.pl\/wp-content\/uploads\/2023\/10\/image013-\u2014-kopia.jpg","_links":{"self":[{"href":"https:\/\/www.parafia.rudyszwald.pl\/index.php\/wp-json\/wp\/v2\/posts\/4357"}],"collection":[{"href":"https:\/\/www.parafia.rudyszwald.pl\/index.php\/wp-json\/wp\/v2\/posts"}],"about":[{"href":"https:\/\/www.parafia.rudyszwald.pl\/index.php\/wp-json\/wp\/v2\/types\/post"}],"author":[{"embeddable":true,"href":"https:\/\/www.parafia.rudyszwald.pl\/index.php\/wp-json\/wp\/v2\/users\/1"}],"replies":[{"embeddable":true,"href":"https:\/\/www.parafia.rudyszwald.pl\/index.php\/wp-json\/wp\/v2\/comments?post=4357"}],"version-history":[{"count":4,"href":"https:\/\/www.parafia.rudyszwald.pl\/index.php\/wp-json\/wp\/v2\/posts\/4357\/revisions"}],"predecessor-version":[{"id":4382,"href":"https:\/\/www.parafia.rudyszwald.pl\/index.php\/wp-json\/wp\/v2\/posts\/4357\/revisions\/4382"}],"wp:featuredmedia":[{"embeddable":true,"href":"https:\/\/www.parafia.rudyszwald.pl\/index.php\/wp-json\/wp\/v2\/media\/4383"}],"wp:attachment":[{"href":"https:\/\/www.parafia.rudyszwald.pl\/index.php\/wp-json\/wp\/v2\/media?parent=4357"}],"wp:term":[{"taxonomy":"category","embeddable":true,"href":"https:\/\/www.parafia.rudyszwald.pl\/index.php\/wp-json\/wp\/v2\/categories?post=4357"},{"taxonomy":"post_tag","embeddable":true,"href":"https:\/\/www.parafia.rudyszwald.pl\/index.php\/wp-json\/wp\/v2\/tags?post=4357"}],"curies":[{"name":"wp","href":"https:\/\/api.w.org\/{rel}","templated":true}]}}