{"id":4847,"date":"2025-03-17T16:56:48","date_gmt":"2025-03-17T16:56:48","guid":{"rendered":"https:\/\/www.parafia.rudyszwald.pl\/?p=4847"},"modified":"2025-03-17T16:56:51","modified_gmt":"2025-03-17T16:56:51","slug":"wielki-post","status":"publish","type":"post","link":"https:\/\/www.parafia.rudyszwald.pl\/index.php\/2025\/03\/17\/wielki-post\/","title":{"rendered":"Wielki Post"},"content":{"rendered":"\n<hr class=\"wp-block-separator has-alpha-channel-opacity\"\/>\n\n\n\n<div style=\"height:5px\" aria-hidden=\"true\" class=\"wp-block-spacer\"><\/div>\n\n\n\n<p class=\"has-background has-very-light-gray-background-color\" style=\"text-align:justify\">Trwaj\u0105c w 40-dniowym po\u015bcie poprzedzaj\u0105cym czas Wielkanocy starajmy si\u0119 zrozumie\u0107 &#8211; za s\u0142owami ksi\u0119dza biskupa Andrzeja Czai &#8211; \u017ce \u201eto wielka szansa dla nas\u201d na nawr\u00f3cenie si\u0119 i przemian\u0119 \u017cycia.<br><br>Nie m\u00f3wimy tutaj o zmianach powierzchownych, o \u201ezewn\u0119trznych gestach\u201d, kt\u00f3re oczywi\u015bcie maj\u0105 znaczenie, ale przede wszystkim o przemianie wewn\u0119trznej &#8211; przemianie serca. Cytuj\u0105c s\u0142owa biskupa: \u201eTrzeba prosi\u0107 o nowe serce duchowe (\u2026). Nie chodzi o jaki\u015b powierzchowny lifting, ale o gruntown\u0105 przemian\u0119\u201d.<br><br>Warto pami\u0119ta\u0107 \u017ce: \u201emo\u017cemy podejmowa\u0107 r\u00f3\u017cne praktyki, ale prawdziwe pojednanie dokonuje si\u0119 w sakramencie, w kt\u00f3rym Chrystus obmywa nas swoj\u0105 przelan\u0105 na krzy\u017cu Krwi\u0105.\u201d Korzystajmy zatem z okazji uczestnictwa we Mszach \u015awi\u0119tych oraz nabo\u017ce\u0144stwach wielkopostnych.<br><br>Jednocze\u015bnie nie zapominajmy o sakramencie pokuty i pojednania, kt\u00f3ry daje mo\u017cliwo\u015b\u0107 \u201estan\u0105\u0107 w prawdzie przed Bogiem, uzna\u0107 swoje grzechy i przyj\u0105\u0107 Jego mi\u0142osierdzie\u201d.<br><br>Szcz\u0119\u015b\u0107 Bo\u017ce!<br><br><br>\u0179r\u00f3d\u0142o: <a href=\"https:\/\/nto.pl\/biskup-czaja-na-poczatek-wielkiego-postu-nie-chodzi-o-powierzchowny-lifting-ale-o-gruntowna-przemiane\/ar\/c1-19083271\" class=\"broken_link\">LINK<\/a> <br><\/p>\n\n\n\n<div style=\"height:25px\" aria-hidden=\"true\" class=\"wp-block-spacer\"><\/div>\n\n\n\n<div class=\"is-content-justification-center is-layout-flex wp-container-1 wp-block-buttons\">\n<div class=\"wp-block-button is-style-outline\"><a class=\"wp-block-button__link wp-element-button\" href=\"https:\/\/www.parafia.rudyszwald.pl\/\">strona g\u0142\u00f3wna<\/a><\/div>\n<\/div>\n","protected":false},"excerpt":{"rendered":"<p>Trwaj\u0105c w 40-dniowym po\u015bcie poprzedzaj\u0105cym czas Wielkanocy starajmy si\u0119 zrozumie\u0107 &#8211; za s\u0142owami ksi\u0119dza biskupa Andrzeja Czai &#8211; \u017ce \u201eto wielka szansa dla nas\u201d na nawr\u00f3cenie si\u0119 i przemian\u0119 \u017cycia. Nie m\u00f3wimy tutaj o zmianach powierzchownych, o \u201ezewn\u0119trznych gestach\u201d, kt\u00f3re oczywi\u015bcie maj\u0105 znaczenie, ale przede wszystkim o przemianie wewn\u0119trznej &#8211;<\/p>\n<div class=\"belowpost\"><a class=\"btnmore icon-arrow\" href=\"https:\/\/www.parafia.rudyszwald.pl\/index.php\/2025\/03\/17\/wielki-post\/\"><span>Read More<\/span><\/a><\/div>\n","protected":false},"author":1,"featured_media":4849,"comment_status":"closed","ping_status":"closed","sticky":false,"template":"","format":"standard","meta":{"_exactmetrics_skip_tracking":false,"_exactmetrics_sitenote_active":false,"_exactmetrics_sitenote_note":"","_exactmetrics_sitenote_category":0,"ngg_post_thumbnail":0,"jetpack_publicize_message":"","jetpack_is_tweetstorm":false,"jetpack_publicize_feature_enabled":true,"jetpack_social_post_already_shared":true,"jetpack_social_options":[]},"categories":[1],"tags":[],"jetpack_publicize_connections":[],"yoast_head":"<!-- This site is optimized with the Yoast SEO plugin v19.11 - https:\/\/yoast.com\/wordpress\/plugins\/seo\/ -->\n<title>Wielki Post - Parafia Tr\u00f3jcy \u015awi\u0119tej w Rudyszwa\u0142dzie<\/title>\n<meta name=\"robots\" content=\"index, follow, max-snippet:-1, max-image-preview:large, max-video-preview:-1\" \/>\n<link rel=\"canonical\" href=\"https:\/\/www.parafia.rudyszwald.pl\/index.php\/2025\/03\/17\/wielki-post\/\" \/>\n<meta property=\"og:locale\" content=\"pl_PL\" \/>\n<meta property=\"og:type\" content=\"article\" \/>\n<meta property=\"og:title\" content=\"Wielki Post - Parafia Tr\u00f3jcy \u015awi\u0119tej w Rudyszwa\u0142dzie\" \/>\n<meta property=\"og:description\" content=\"Trwaj\u0105c w 40-dniowym po\u015bcie poprzedzaj\u0105cym czas Wielkanocy starajmy si\u0119 zrozumie\u0107 &#8211; za s\u0142owami ksi\u0119dza biskupa Andrzeja Czai &#8211; \u017ce \u201eto wielka szansa dla nas\u201d na nawr\u00f3cenie si\u0119 i przemian\u0119 \u017cycia. Nie m\u00f3wimy tutaj o zmianach powierzchownych, o \u201ezewn\u0119trznych gestach\u201d, kt\u00f3re oczywi\u015bcie maj\u0105 znaczenie, ale przede wszystkim o przemianie wewn\u0119trznej &#8211;Read More\" \/>\n<meta property=\"og:url\" content=\"https:\/\/www.parafia.rudyszwald.pl\/index.php\/2025\/03\/17\/wielki-post\/\" \/>\n<meta property=\"og:site_name\" content=\"Parafia Tr\u00f3jcy \u015awi\u0119tej w Rudyszwa\u0142dzie\" \/>\n<meta property=\"article:published_time\" content=\"2025-03-17T16:56:48+00:00\" \/>\n<meta property=\"article:modified_time\" content=\"2025-03-17T16:56:51+00:00\" \/>\n<meta property=\"og:image\" content=\"https:\/\/www.parafia.rudyszwald.pl\/wp-content\/uploads\/2025\/03\/priest-3621038_640.jpg\" \/>\n\t<meta property=\"og:image:width\" content=\"640\" \/>\n\t<meta property=\"og:image:height\" content=\"360\" \/>\n\t<meta property=\"og:image:type\" content=\"image\/jpeg\" \/>\n<meta name=\"author\" content=\"autor\" \/>\n<meta name=\"twitter:card\" content=\"summary_large_image\" \/>\n<meta name=\"twitter:label1\" content=\"Napisane przez\" \/>\n\t<meta name=\"twitter:data1\" content=\"autor\" \/>\n\t<meta name=\"twitter:label2\" content=\"Szacowany czas czytania\" \/>\n\t<meta name=\"twitter:data2\" content=\"1 minuta\" \/>\n<script type=\"application\/ld+json\" class=\"yoast-schema-graph\">{\"@context\":\"https:\/\/schema.org\",\"@graph\":[{\"@type\":\"Article\",\"@id\":\"https:\/\/www.parafia.rudyszwald.pl\/index.php\/2025\/03\/17\/wielki-post\/#article\",\"isPartOf\":{\"@id\":\"https:\/\/www.parafia.rudyszwald.pl\/index.php\/2025\/03\/17\/wielki-post\/\"},\"author\":{\"name\":\"autor\",\"@id\":\"https:\/\/www.parafia.rudyszwald.pl\/#\/schema\/person\/eb159108ad8344c6f9788dffff106b65\"},\"headline\":\"Wielki Post\",\"datePublished\":\"2025-03-17T16:56:48+00:00\",\"dateModified\":\"2025-03-17T16:56:51+00:00\",\"mainEntityOfPage\":{\"@id\":\"https:\/\/www.parafia.rudyszwald.pl\/index.php\/2025\/03\/17\/wielki-post\/\"},\"wordCount\":166,\"publisher\":{\"@id\":\"https:\/\/www.parafia.rudyszwald.pl\/#organization\"},\"articleSection\":[\"wszystkie aktualno\u015bci\"],\"inLanguage\":\"pl-PL\"},{\"@type\":\"WebPage\",\"@id\":\"https:\/\/www.parafia.rudyszwald.pl\/index.php\/2025\/03\/17\/wielki-post\/\",\"url\":\"https:\/\/www.parafia.rudyszwald.pl\/index.php\/2025\/03\/17\/wielki-post\/\",\"name\":\"Wielki Post - Parafia Tr\u00f3jcy \u015awi\u0119tej w Rudyszwa\u0142dzie\",\"isPartOf\":{\"@id\":\"https:\/\/www.parafia.rudyszwald.pl\/#website\"},\"datePublished\":\"2025-03-17T16:56:48+00:00\",\"dateModified\":\"2025-03-17T16:56:51+00:00\",\"breadcrumb\":{\"@id\":\"https:\/\/www.parafia.rudyszwald.pl\/index.php\/2025\/03\/17\/wielki-post\/#breadcrumb\"},\"inLanguage\":\"pl-PL\",\"potentialAction\":[{\"@type\":\"ReadAction\",\"target\":[\"https:\/\/www.parafia.rudyszwald.pl\/index.php\/2025\/03\/17\/wielki-post\/\"]}]},{\"@type\":\"BreadcrumbList\",\"@id\":\"https:\/\/www.parafia.rudyszwald.pl\/index.php\/2025\/03\/17\/wielki-post\/#breadcrumb\",\"itemListElement\":[{\"@type\":\"ListItem\",\"position\":1,\"name\":\"Strona g\u0142\u00f3wna\",\"item\":\"https:\/\/www.parafia.rudyszwald.pl\/\"},{\"@type\":\"ListItem\",\"position\":2,\"name\":\"Wielki Post\"}]},{\"@type\":\"WebSite\",\"@id\":\"https:\/\/www.parafia.rudyszwald.pl\/#website\",\"url\":\"https:\/\/www.parafia.rudyszwald.pl\/\",\"name\":\"Parafia Tr\u00f3jcy \u015awi\u0119tej w Rudyszwa\u0142dzie\",\"description\":\"Parafia Rudyszwa\u0142d\",\"publisher\":{\"@id\":\"https:\/\/www.parafia.rudyszwald.pl\/#organization\"},\"potentialAction\":[{\"@type\":\"SearchAction\",\"target\":{\"@type\":\"EntryPoint\",\"urlTemplate\":\"https:\/\/www.parafia.rudyszwald.pl\/?s={search_term_string}\"},\"query-input\":\"required name=search_term_string\"}],\"inLanguage\":\"pl-PL\"},{\"@type\":\"Organization\",\"@id\":\"https:\/\/www.parafia.rudyszwald.pl\/#organization\",\"name\":\"Parafia Tr\u00f3jcy \u015awi\u0119tej w Rudyszwa\u0142dzie\",\"url\":\"https:\/\/www.parafia.rudyszwald.pl\/\",\"logo\":{\"@type\":\"ImageObject\",\"inLanguage\":\"pl-PL\",\"@id\":\"https:\/\/www.parafia.rudyszwald.pl\/#\/schema\/logo\/image\/\",\"url\":\"https:\/\/www.parafia.rudyszwald.pl\/wp-content\/uploads\/2019\/07\/IMG_1_DxO-copy-\u2014-kopia2-\u2014-kopia-2.jpg\",\"contentUrl\":\"https:\/\/www.parafia.rudyszwald.pl\/wp-content\/uploads\/2019\/07\/IMG_1_DxO-copy-\u2014-kopia2-\u2014-kopia-2.jpg\",\"width\":464,\"height\":711,\"caption\":\"Parafia Tr\u00f3jcy \u015awi\u0119tej w Rudyszwa\u0142dzie\"},\"image\":{\"@id\":\"https:\/\/www.parafia.rudyszwald.pl\/#\/schema\/logo\/image\/\"}},{\"@type\":\"Person\",\"@id\":\"https:\/\/www.parafia.rudyszwald.pl\/#\/schema\/person\/eb159108ad8344c6f9788dffff106b65\",\"name\":\"autor\",\"url\":\"https:\/\/www.parafia.rudyszwald.pl\/index.php\/author\/rudyszwald\/\"}]}<\/script>\n<!-- \/ Yoast SEO plugin. -->","yoast_head_json":{"title":"Wielki Post - Parafia Tr\u00f3jcy \u015awi\u0119tej w Rudyszwa\u0142dzie","robots":{"index":"index","follow":"follow","max-snippet":"max-snippet:-1","max-image-preview":"max-image-preview:large","max-video-preview":"max-video-preview:-1"},"canonical":"https:\/\/www.parafia.rudyszwald.pl\/index.php\/2025\/03\/17\/wielki-post\/","og_locale":"pl_PL","og_type":"article","og_title":"Wielki Post - Parafia Tr\u00f3jcy \u015awi\u0119tej w Rudyszwa\u0142dzie","og_description":"Trwaj\u0105c w 40-dniowym po\u015bcie poprzedzaj\u0105cym czas Wielkanocy starajmy si\u0119 zrozumie\u0107 &#8211; za s\u0142owami ksi\u0119dza biskupa Andrzeja Czai &#8211; \u017ce \u201eto wielka szansa dla nas\u201d na nawr\u00f3cenie si\u0119 i przemian\u0119 \u017cycia. Nie m\u00f3wimy tutaj o zmianach powierzchownych, o \u201ezewn\u0119trznych gestach\u201d, kt\u00f3re oczywi\u015bcie maj\u0105 znaczenie, ale przede wszystkim o przemianie wewn\u0119trznej &#8211;Read More","og_url":"https:\/\/www.parafia.rudyszwald.pl\/index.php\/2025\/03\/17\/wielki-post\/","og_site_name":"Parafia Tr\u00f3jcy \u015awi\u0119tej w Rudyszwa\u0142dzie","article_published_time":"2025-03-17T16:56:48+00:00","article_modified_time":"2025-03-17T16:56:51+00:00","og_image":[{"width":640,"height":360,"url":"https:\/\/www.parafia.rudyszwald.pl\/wp-content\/uploads\/2025\/03\/priest-3621038_640.jpg","type":"image\/jpeg"}],"author":"autor","twitter_card":"summary_large_image","twitter_misc":{"Napisane przez":"autor","Szacowany czas czytania":"1 minuta"},"schema":{"@context":"https:\/\/schema.org","@graph":[{"@type":"Article","@id":"https:\/\/www.parafia.rudyszwald.pl\/index.php\/2025\/03\/17\/wielki-post\/#article","isPartOf":{"@id":"https:\/\/www.parafia.rudyszwald.pl\/index.php\/2025\/03\/17\/wielki-post\/"},"author":{"name":"autor","@id":"https:\/\/www.parafia.rudyszwald.pl\/#\/schema\/person\/eb159108ad8344c6f9788dffff106b65"},"headline":"Wielki Post","datePublished":"2025-03-17T16:56:48+00:00","dateModified":"2025-03-17T16:56:51+00:00","mainEntityOfPage":{"@id":"https:\/\/www.parafia.rudyszwald.pl\/index.php\/2025\/03\/17\/wielki-post\/"},"wordCount":166,"publisher":{"@id":"https:\/\/www.parafia.rudyszwald.pl\/#organization"},"articleSection":["wszystkie aktualno\u015bci"],"inLanguage":"pl-PL"},{"@type":"WebPage","@id":"https:\/\/www.parafia.rudyszwald.pl\/index.php\/2025\/03\/17\/wielki-post\/","url":"https:\/\/www.parafia.rudyszwald.pl\/index.php\/2025\/03\/17\/wielki-post\/","name":"Wielki Post - Parafia Tr\u00f3jcy \u015awi\u0119tej w Rudyszwa\u0142dzie","isPartOf":{"@id":"https:\/\/www.parafia.rudyszwald.pl\/#website"},"datePublished":"2025-03-17T16:56:48+00:00","dateModified":"2025-03-17T16:56:51+00:00","breadcrumb":{"@id":"https:\/\/www.parafia.rudyszwald.pl\/index.php\/2025\/03\/17\/wielki-post\/#breadcrumb"},"inLanguage":"pl-PL","potentialAction":[{"@type":"ReadAction","target":["https:\/\/www.parafia.rudyszwald.pl\/index.php\/2025\/03\/17\/wielki-post\/"]}]},{"@type":"BreadcrumbList","@id":"https:\/\/www.parafia.rudyszwald.pl\/index.php\/2025\/03\/17\/wielki-post\/#breadcrumb","itemListElement":[{"@type":"ListItem","position":1,"name":"Strona g\u0142\u00f3wna","item":"https:\/\/www.parafia.rudyszwald.pl\/"},{"@type":"ListItem","position":2,"name":"Wielki Post"}]},{"@type":"WebSite","@id":"https:\/\/www.parafia.rudyszwald.pl\/#website","url":"https:\/\/www.parafia.rudyszwald.pl\/","name":"Parafia Tr\u00f3jcy \u015awi\u0119tej w Rudyszwa\u0142dzie","description":"Parafia Rudyszwa\u0142d","publisher":{"@id":"https:\/\/www.parafia.rudyszwald.pl\/#organization"},"potentialAction":[{"@type":"SearchAction","target":{"@type":"EntryPoint","urlTemplate":"https:\/\/www.parafia.rudyszwald.pl\/?s={search_term_string}"},"query-input":"required name=search_term_string"}],"inLanguage":"pl-PL"},{"@type":"Organization","@id":"https:\/\/www.parafia.rudyszwald.pl\/#organization","name":"Parafia Tr\u00f3jcy \u015awi\u0119tej w Rudyszwa\u0142dzie","url":"https:\/\/www.parafia.rudyszwald.pl\/","logo":{"@type":"ImageObject","inLanguage":"pl-PL","@id":"https:\/\/www.parafia.rudyszwald.pl\/#\/schema\/logo\/image\/","url":"https:\/\/www.parafia.rudyszwald.pl\/wp-content\/uploads\/2019\/07\/IMG_1_DxO-copy-\u2014-kopia2-\u2014-kopia-2.jpg","contentUrl":"https:\/\/www.parafia.rudyszwald.pl\/wp-content\/uploads\/2019\/07\/IMG_1_DxO-copy-\u2014-kopia2-\u2014-kopia-2.jpg","width":464,"height":711,"caption":"Parafia Tr\u00f3jcy \u015awi\u0119tej w Rudyszwa\u0142dzie"},"image":{"@id":"https:\/\/www.parafia.rudyszwald.pl\/#\/schema\/logo\/image\/"}},{"@type":"Person","@id":"https:\/\/www.parafia.rudyszwald.pl\/#\/schema\/person\/eb159108ad8344c6f9788dffff106b65","name":"autor","url":"https:\/\/www.parafia.rudyszwald.pl\/index.php\/author\/rudyszwald\/"}]}},"jetpack_featured_media_url":"https:\/\/www.parafia.rudyszwald.pl\/wp-content\/uploads\/2025\/03\/priest-3621038_640.jpg","_links":{"self":[{"href":"https:\/\/www.parafia.rudyszwald.pl\/index.php\/wp-json\/wp\/v2\/posts\/4847"}],"collection":[{"href":"https:\/\/www.parafia.rudyszwald.pl\/index.php\/wp-json\/wp\/v2\/posts"}],"about":[{"href":"https:\/\/www.parafia.rudyszwald.pl\/index.php\/wp-json\/wp\/v2\/types\/post"}],"author":[{"embeddable":true,"href":"https:\/\/www.parafia.rudyszwald.pl\/index.php\/wp-json\/wp\/v2\/users\/1"}],"replies":[{"embeddable":true,"href":"https:\/\/www.parafia.rudyszwald.pl\/index.php\/wp-json\/wp\/v2\/comments?post=4847"}],"version-history":[{"count":1,"href":"https:\/\/www.parafia.rudyszwald.pl\/index.php\/wp-json\/wp\/v2\/posts\/4847\/revisions"}],"predecessor-version":[{"id":4850,"href":"https:\/\/www.parafia.rudyszwald.pl\/index.php\/wp-json\/wp\/v2\/posts\/4847\/revisions\/4850"}],"wp:featuredmedia":[{"embeddable":true,"href":"https:\/\/www.parafia.rudyszwald.pl\/index.php\/wp-json\/wp\/v2\/media\/4849"}],"wp:attachment":[{"href":"https:\/\/www.parafia.rudyszwald.pl\/index.php\/wp-json\/wp\/v2\/media?parent=4847"}],"wp:term":[{"taxonomy":"category","embeddable":true,"href":"https:\/\/www.parafia.rudyszwald.pl\/index.php\/wp-json\/wp\/v2\/categories?post=4847"},{"taxonomy":"post_tag","embeddable":true,"href":"https:\/\/www.parafia.rudyszwald.pl\/index.php\/wp-json\/wp\/v2\/tags?post=4847"}],"curies":[{"name":"wp","href":"https:\/\/api.w.org\/{rel}","templated":true}]}}