{"id":4895,"date":"2025-05-04T17:03:42","date_gmt":"2025-05-04T17:03:42","guid":{"rendered":"https:\/\/www.parafia.rudyszwald.pl\/?p=4895"},"modified":"2025-05-04T17:03:44","modified_gmt":"2025-05-04T17:03:44","slug":"panie-dobry-jak-chleb-2","status":"publish","type":"post","link":"https:\/\/www.parafia.rudyszwald.pl\/index.php\/2025\/05\/04\/panie-dobry-jak-chleb-2\/","title":{"rendered":"Panie, dobry jak chleb&#8230;"},"content":{"rendered":"\n<hr class=\"wp-block-separator has-alpha-channel-opacity\"\/>\n\n\n\n<div style=\"height:5px\" aria-hidden=\"true\" class=\"wp-block-spacer\"><\/div>\n\n\n\n<p class=\"has-background has-very-light-gray-background-color\" style=\"text-align:justify\">Z okazji Pierwszej Komunii \u015awi\u0119tej pragniemy \u017cyczy\u0107 Laurze, Magdalenie, Mai, Oliwii i Franzowi oraz ich rodzicom wielu \u0141ask Bo\u017cych od Chrystusa obecnego w Naj\u015bwi\u0119tszym Sakramencie.<br><br>Panie, Ty\u015b powiedzia\u0142:<br><i><strong>Pozw\u00f3lcie dzieciom przychodzi\u0107 do Mnie i nie przeszkadzajcie im: do takich bowiem nale\u017cy kr\u00f3lestwo Bo\u017ce. (\u0141k 18,16)<\/strong><\/i><br>M\u00f3dlmy si\u0119, aby nikomu z nas nie zabrak\u0142o mo\u017cliwo\u015bci zjednoczenia z Bogiem, szczeg\u00f3lnie przez cz\u0119st\u0105 Komuni\u0119 \u015awi\u0119t\u0105.<\/p>\n\n\n\n<div style=\"height:5px\" aria-hidden=\"true\" class=\"wp-block-spacer\"><\/div>\n\n\n\n<!-- default-view.php -->\n<div\n\tclass=\"ngg-galleryoverview default-view \"\n\tid=\"ngg-gallery-d214371bfbec042364e4e808495ad361-1\">\n\n\t\t<!-- Thumbnails -->\n\t\t\t\t<div id=\"ngg-image-0\" class=\"ngg-gallery-thumbnail-box \" >\n\t\t\t\t        <div class=\"ngg-gallery-thumbnail\">\n            <a href=\"https:\/\/www.parafia.rudyszwald.pl\/wp-content\/gallery\/i-komunia-swieta-2025\/image115.jpg\"\n               title=\"\"\n               data-src=\"https:\/\/www.parafia.rudyszwald.pl\/wp-content\/gallery\/i-komunia-swieta-2025\/image115.jpg\"\n               data-thumbnail=\"https:\/\/www.parafia.rudyszwald.pl\/wp-content\/gallery\/i-komunia-swieta-2025\/thumbs\/thumbs_image115.jpg\"\n               data-image-id=\"568\"\n               data-title=\"image115\"\n               data-description=\"\"\n               data-image-slug=\"image115-1\"\n               class=\"ngg-simplelightbox\" rel=\"d214371bfbec042364e4e808495ad361\">\n                <img\n                    title=\"image115\"\n                    alt=\"image115\"\n                    src=\"https:\/\/www.parafia.rudyszwald.pl\/wp-content\/gallery\/i-komunia-swieta-2025\/thumbs\/thumbs_image115.jpg\"\n                    width=\"240\"\n                    height=\"160\"\n                    style=\"max-width:100%;\"\n                \/>\n            <\/a>\n        <\/div>\n\t\t\t\t\t\t\t<\/div> \n\t\t\t\n\t\t\t\t<div id=\"ngg-image-1\" class=\"ngg-gallery-thumbnail-box \" >\n\t\t\t\t        <div class=\"ngg-gallery-thumbnail\">\n            <a href=\"https:\/\/www.parafia.rudyszwald.pl\/wp-content\/gallery\/i-komunia-swieta-2025\/image116.jpg\"\n               title=\"\"\n               data-src=\"https:\/\/www.parafia.rudyszwald.pl\/wp-content\/gallery\/i-komunia-swieta-2025\/image116.jpg\"\n               data-thumbnail=\"https:\/\/www.parafia.rudyszwald.pl\/wp-content\/gallery\/i-komunia-swieta-2025\/thumbs\/thumbs_image116.jpg\"\n               data-image-id=\"569\"\n               data-title=\"image116\"\n               data-description=\"\"\n               data-image-slug=\"image116\"\n               class=\"ngg-simplelightbox\" rel=\"d214371bfbec042364e4e808495ad361\">\n                <img\n                    title=\"image116\"\n                    alt=\"image116\"\n                    src=\"https:\/\/www.parafia.rudyszwald.pl\/wp-content\/gallery\/i-komunia-swieta-2025\/thumbs\/thumbs_image116.jpg\"\n                    width=\"240\"\n                    height=\"160\"\n                    style=\"max-width:100%;\"\n                \/>\n            <\/a>\n        <\/div>\n\t\t\t\t\t\t\t<\/div> \n\t\t\t\n\t\t\t\t<div id=\"ngg-image-2\" class=\"ngg-gallery-thumbnail-box \" >\n\t\t\t\t        <div class=\"ngg-gallery-thumbnail\">\n            <a href=\"https:\/\/www.parafia.rudyszwald.pl\/wp-content\/gallery\/i-komunia-swieta-2025\/image117.jpg\"\n               title=\"\"\n               data-src=\"https:\/\/www.parafia.rudyszwald.pl\/wp-content\/gallery\/i-komunia-swieta-2025\/image117.jpg\"\n               data-thumbnail=\"https:\/\/www.parafia.rudyszwald.pl\/wp-content\/gallery\/i-komunia-swieta-2025\/thumbs\/thumbs_image117.jpg\"\n               data-image-id=\"570\"\n               data-title=\"image117\"\n               data-description=\"\"\n               data-image-slug=\"image117\"\n               class=\"ngg-simplelightbox\" rel=\"d214371bfbec042364e4e808495ad361\">\n                <img\n                    title=\"image117\"\n                    alt=\"image117\"\n                    src=\"https:\/\/www.parafia.rudyszwald.pl\/wp-content\/gallery\/i-komunia-swieta-2025\/thumbs\/thumbs_image117.jpg\"\n                    width=\"240\"\n                    height=\"160\"\n                    style=\"max-width:100%;\"\n                \/>\n            <\/a>\n        <\/div>\n\t\t\t\t\t\t\t<\/div> \n\t\t\t\n\t\n\t<br style=\"clear: both\" \/>\n\n\t\n\t\t<!-- Pagination -->\n\t<div class='ngg-clear'><\/div>\t<\/div>\n\n\n\n\n<div style=\"height:30px\" aria-hidden=\"true\" class=\"wp-block-spacer\"><\/div>\n\n\n\n<div class=\"is-content-justification-center is-layout-flex wp-container-1 wp-block-buttons\">\n<div class=\"wp-block-button is-style-outline\"><a class=\"wp-block-button__link wp-element-button\" href=\"https:\/\/www.parafia.rudyszwald.pl\/\">strona g\u0142\u00f3wna<\/a><\/div>\n<\/div>\n","protected":false},"excerpt":{"rendered":"<p>Z okazji Pierwszej Komunii \u015awi\u0119tej pragniemy \u017cyczy\u0107 Laurze, Magdalenie, Mai, Oliwii i Franzowi oraz ich rodzicom wielu \u0141ask Bo\u017cych od Chrystusa obecnego w Naj\u015bwi\u0119tszym Sakramencie. Panie, Ty\u015b powiedzia\u0142:Pozw\u00f3lcie dzieciom przychodzi\u0107 do Mnie i nie przeszkadzajcie im: do takich bowiem nale\u017cy kr\u00f3lestwo Bo\u017ce. (\u0141k 18,16)M\u00f3dlmy si\u0119, aby nikomu z nas nie<\/p>\n<div class=\"belowpost\"><a class=\"btnmore icon-arrow\" href=\"https:\/\/www.parafia.rudyszwald.pl\/index.php\/2025\/05\/04\/panie-dobry-jak-chleb-2\/\"><span>Read More<\/span><\/a><\/div>\n","protected":false},"author":1,"featured_media":4896,"comment_status":"closed","ping_status":"closed","sticky":false,"template":"","format":"standard","meta":{"_exactmetrics_skip_tracking":false,"_exactmetrics_sitenote_active":false,"_exactmetrics_sitenote_note":"","_exactmetrics_sitenote_category":0,"ngg_post_thumbnail":0,"jetpack_publicize_message":"","jetpack_is_tweetstorm":false,"jetpack_publicize_feature_enabled":true,"jetpack_social_post_already_shared":true,"jetpack_social_options":[]},"categories":[1],"tags":[],"jetpack_publicize_connections":[],"yoast_head":"<!-- This site is optimized with the Yoast SEO plugin v19.11 - https:\/\/yoast.com\/wordpress\/plugins\/seo\/ -->\n<title>Panie, dobry jak chleb... - Parafia Tr\u00f3jcy \u015awi\u0119tej w Rudyszwa\u0142dzie<\/title>\n<meta name=\"robots\" content=\"index, follow, max-snippet:-1, max-image-preview:large, max-video-preview:-1\" \/>\n<link rel=\"canonical\" href=\"https:\/\/www.parafia.rudyszwald.pl\/index.php\/2025\/05\/04\/panie-dobry-jak-chleb-2\/\" \/>\n<meta property=\"og:locale\" content=\"pl_PL\" \/>\n<meta property=\"og:type\" content=\"article\" \/>\n<meta property=\"og:title\" content=\"Panie, dobry jak chleb... - Parafia Tr\u00f3jcy \u015awi\u0119tej w Rudyszwa\u0142dzie\" \/>\n<meta property=\"og:description\" content=\"Z okazji Pierwszej Komunii \u015awi\u0119tej pragniemy \u017cyczy\u0107 Laurze, Magdalenie, Mai, Oliwii i Franzowi oraz ich rodzicom wielu \u0141ask Bo\u017cych od Chrystusa obecnego w Naj\u015bwi\u0119tszym Sakramencie. Panie, Ty\u015b powiedzia\u0142:Pozw\u00f3lcie dzieciom przychodzi\u0107 do Mnie i nie przeszkadzajcie im: do takich bowiem nale\u017cy kr\u00f3lestwo Bo\u017ce. (\u0141k 18,16)M\u00f3dlmy si\u0119, aby nikomu z nas nieRead More\" \/>\n<meta property=\"og:url\" content=\"https:\/\/www.parafia.rudyszwald.pl\/index.php\/2025\/05\/04\/panie-dobry-jak-chleb-2\/\" \/>\n<meta property=\"og:site_name\" content=\"Parafia Tr\u00f3jcy \u015awi\u0119tej w Rudyszwa\u0142dzie\" \/>\n<meta property=\"article:published_time\" content=\"2025-05-04T17:03:42+00:00\" \/>\n<meta property=\"article:modified_time\" content=\"2025-05-04T17:03:44+00:00\" \/>\n<meta property=\"og:image\" content=\"https:\/\/www.parafia.rudyszwald.pl\/wp-content\/uploads\/2025\/05\/rosary-1757435_640.jpg\" \/>\n\t<meta property=\"og:image:width\" content=\"640\" \/>\n\t<meta property=\"og:image:height\" content=\"427\" \/>\n\t<meta property=\"og:image:type\" content=\"image\/jpeg\" \/>\n<meta name=\"author\" content=\"autor\" \/>\n<meta name=\"twitter:card\" content=\"summary_large_image\" \/>\n<meta name=\"twitter:label1\" content=\"Napisane przez\" \/>\n\t<meta name=\"twitter:data1\" content=\"autor\" \/>\n\t<meta name=\"twitter:label2\" content=\"Szacowany czas czytania\" \/>\n\t<meta name=\"twitter:data2\" content=\"1 minuta\" \/>\n<script type=\"application\/ld+json\" class=\"yoast-schema-graph\">{\"@context\":\"https:\/\/schema.org\",\"@graph\":[{\"@type\":\"Article\",\"@id\":\"https:\/\/www.parafia.rudyszwald.pl\/index.php\/2025\/05\/04\/panie-dobry-jak-chleb-2\/#article\",\"isPartOf\":{\"@id\":\"https:\/\/www.parafia.rudyszwald.pl\/index.php\/2025\/05\/04\/panie-dobry-jak-chleb-2\/\"},\"author\":{\"name\":\"autor\",\"@id\":\"https:\/\/www.parafia.rudyszwald.pl\/#\/schema\/person\/eb159108ad8344c6f9788dffff106b65\"},\"headline\":\"Panie, dobry jak chleb&#8230;\",\"datePublished\":\"2025-05-04T17:03:42+00:00\",\"dateModified\":\"2025-05-04T17:03:44+00:00\",\"mainEntityOfPage\":{\"@id\":\"https:\/\/www.parafia.rudyszwald.pl\/index.php\/2025\/05\/04\/panie-dobry-jak-chleb-2\/\"},\"wordCount\":92,\"publisher\":{\"@id\":\"https:\/\/www.parafia.rudyszwald.pl\/#organization\"},\"articleSection\":[\"wszystkie aktualno\u015bci\"],\"inLanguage\":\"pl-PL\"},{\"@type\":\"WebPage\",\"@id\":\"https:\/\/www.parafia.rudyszwald.pl\/index.php\/2025\/05\/04\/panie-dobry-jak-chleb-2\/\",\"url\":\"https:\/\/www.parafia.rudyszwald.pl\/index.php\/2025\/05\/04\/panie-dobry-jak-chleb-2\/\",\"name\":\"Panie, dobry jak chleb... - Parafia Tr\u00f3jcy \u015awi\u0119tej w Rudyszwa\u0142dzie\",\"isPartOf\":{\"@id\":\"https:\/\/www.parafia.rudyszwald.pl\/#website\"},\"datePublished\":\"2025-05-04T17:03:42+00:00\",\"dateModified\":\"2025-05-04T17:03:44+00:00\",\"breadcrumb\":{\"@id\":\"https:\/\/www.parafia.rudyszwald.pl\/index.php\/2025\/05\/04\/panie-dobry-jak-chleb-2\/#breadcrumb\"},\"inLanguage\":\"pl-PL\",\"potentialAction\":[{\"@type\":\"ReadAction\",\"target\":[\"https:\/\/www.parafia.rudyszwald.pl\/index.php\/2025\/05\/04\/panie-dobry-jak-chleb-2\/\"]}]},{\"@type\":\"BreadcrumbList\",\"@id\":\"https:\/\/www.parafia.rudyszwald.pl\/index.php\/2025\/05\/04\/panie-dobry-jak-chleb-2\/#breadcrumb\",\"itemListElement\":[{\"@type\":\"ListItem\",\"position\":1,\"name\":\"Strona g\u0142\u00f3wna\",\"item\":\"https:\/\/www.parafia.rudyszwald.pl\/\"},{\"@type\":\"ListItem\",\"position\":2,\"name\":\"Panie, dobry jak chleb&#8230;\"}]},{\"@type\":\"WebSite\",\"@id\":\"https:\/\/www.parafia.rudyszwald.pl\/#website\",\"url\":\"https:\/\/www.parafia.rudyszwald.pl\/\",\"name\":\"Parafia Tr\u00f3jcy \u015awi\u0119tej w Rudyszwa\u0142dzie\",\"description\":\"Parafia Rudyszwa\u0142d\",\"publisher\":{\"@id\":\"https:\/\/www.parafia.rudyszwald.pl\/#organization\"},\"potentialAction\":[{\"@type\":\"SearchAction\",\"target\":{\"@type\":\"EntryPoint\",\"urlTemplate\":\"https:\/\/www.parafia.rudyszwald.pl\/?s={search_term_string}\"},\"query-input\":\"required name=search_term_string\"}],\"inLanguage\":\"pl-PL\"},{\"@type\":\"Organization\",\"@id\":\"https:\/\/www.parafia.rudyszwald.pl\/#organization\",\"name\":\"Parafia Tr\u00f3jcy \u015awi\u0119tej w Rudyszwa\u0142dzie\",\"url\":\"https:\/\/www.parafia.rudyszwald.pl\/\",\"logo\":{\"@type\":\"ImageObject\",\"inLanguage\":\"pl-PL\",\"@id\":\"https:\/\/www.parafia.rudyszwald.pl\/#\/schema\/logo\/image\/\",\"url\":\"https:\/\/www.parafia.rudyszwald.pl\/wp-content\/uploads\/2019\/07\/IMG_1_DxO-copy-\u2014-kopia2-\u2014-kopia-2.jpg\",\"contentUrl\":\"https:\/\/www.parafia.rudyszwald.pl\/wp-content\/uploads\/2019\/07\/IMG_1_DxO-copy-\u2014-kopia2-\u2014-kopia-2.jpg\",\"width\":464,\"height\":711,\"caption\":\"Parafia Tr\u00f3jcy \u015awi\u0119tej w Rudyszwa\u0142dzie\"},\"image\":{\"@id\":\"https:\/\/www.parafia.rudyszwald.pl\/#\/schema\/logo\/image\/\"}},{\"@type\":\"Person\",\"@id\":\"https:\/\/www.parafia.rudyszwald.pl\/#\/schema\/person\/eb159108ad8344c6f9788dffff106b65\",\"name\":\"autor\",\"url\":\"https:\/\/www.parafia.rudyszwald.pl\/index.php\/author\/rudyszwald\/\"}]}<\/script>\n<!-- \/ Yoast SEO plugin. -->","yoast_head_json":{"title":"Panie, dobry jak chleb... - Parafia Tr\u00f3jcy \u015awi\u0119tej w Rudyszwa\u0142dzie","robots":{"index":"index","follow":"follow","max-snippet":"max-snippet:-1","max-image-preview":"max-image-preview:large","max-video-preview":"max-video-preview:-1"},"canonical":"https:\/\/www.parafia.rudyszwald.pl\/index.php\/2025\/05\/04\/panie-dobry-jak-chleb-2\/","og_locale":"pl_PL","og_type":"article","og_title":"Panie, dobry jak chleb... - Parafia Tr\u00f3jcy \u015awi\u0119tej w Rudyszwa\u0142dzie","og_description":"Z okazji Pierwszej Komunii \u015awi\u0119tej pragniemy \u017cyczy\u0107 Laurze, Magdalenie, Mai, Oliwii i Franzowi oraz ich rodzicom wielu \u0141ask Bo\u017cych od Chrystusa obecnego w Naj\u015bwi\u0119tszym Sakramencie. Panie, Ty\u015b powiedzia\u0142:Pozw\u00f3lcie dzieciom przychodzi\u0107 do Mnie i nie przeszkadzajcie im: do takich bowiem nale\u017cy kr\u00f3lestwo Bo\u017ce. (\u0141k 18,16)M\u00f3dlmy si\u0119, aby nikomu z nas nieRead More","og_url":"https:\/\/www.parafia.rudyszwald.pl\/index.php\/2025\/05\/04\/panie-dobry-jak-chleb-2\/","og_site_name":"Parafia Tr\u00f3jcy \u015awi\u0119tej w Rudyszwa\u0142dzie","article_published_time":"2025-05-04T17:03:42+00:00","article_modified_time":"2025-05-04T17:03:44+00:00","og_image":[{"width":640,"height":427,"url":"https:\/\/www.parafia.rudyszwald.pl\/wp-content\/uploads\/2025\/05\/rosary-1757435_640.jpg","type":"image\/jpeg"}],"author":"autor","twitter_card":"summary_large_image","twitter_misc":{"Napisane przez":"autor","Szacowany czas czytania":"1 minuta"},"schema":{"@context":"https:\/\/schema.org","@graph":[{"@type":"Article","@id":"https:\/\/www.parafia.rudyszwald.pl\/index.php\/2025\/05\/04\/panie-dobry-jak-chleb-2\/#article","isPartOf":{"@id":"https:\/\/www.parafia.rudyszwald.pl\/index.php\/2025\/05\/04\/panie-dobry-jak-chleb-2\/"},"author":{"name":"autor","@id":"https:\/\/www.parafia.rudyszwald.pl\/#\/schema\/person\/eb159108ad8344c6f9788dffff106b65"},"headline":"Panie, dobry jak chleb&#8230;","datePublished":"2025-05-04T17:03:42+00:00","dateModified":"2025-05-04T17:03:44+00:00","mainEntityOfPage":{"@id":"https:\/\/www.parafia.rudyszwald.pl\/index.php\/2025\/05\/04\/panie-dobry-jak-chleb-2\/"},"wordCount":92,"publisher":{"@id":"https:\/\/www.parafia.rudyszwald.pl\/#organization"},"articleSection":["wszystkie aktualno\u015bci"],"inLanguage":"pl-PL"},{"@type":"WebPage","@id":"https:\/\/www.parafia.rudyszwald.pl\/index.php\/2025\/05\/04\/panie-dobry-jak-chleb-2\/","url":"https:\/\/www.parafia.rudyszwald.pl\/index.php\/2025\/05\/04\/panie-dobry-jak-chleb-2\/","name":"Panie, dobry jak chleb... - Parafia Tr\u00f3jcy \u015awi\u0119tej w Rudyszwa\u0142dzie","isPartOf":{"@id":"https:\/\/www.parafia.rudyszwald.pl\/#website"},"datePublished":"2025-05-04T17:03:42+00:00","dateModified":"2025-05-04T17:03:44+00:00","breadcrumb":{"@id":"https:\/\/www.parafia.rudyszwald.pl\/index.php\/2025\/05\/04\/panie-dobry-jak-chleb-2\/#breadcrumb"},"inLanguage":"pl-PL","potentialAction":[{"@type":"ReadAction","target":["https:\/\/www.parafia.rudyszwald.pl\/index.php\/2025\/05\/04\/panie-dobry-jak-chleb-2\/"]}]},{"@type":"BreadcrumbList","@id":"https:\/\/www.parafia.rudyszwald.pl\/index.php\/2025\/05\/04\/panie-dobry-jak-chleb-2\/#breadcrumb","itemListElement":[{"@type":"ListItem","position":1,"name":"Strona g\u0142\u00f3wna","item":"https:\/\/www.parafia.rudyszwald.pl\/"},{"@type":"ListItem","position":2,"name":"Panie, dobry jak chleb&#8230;"}]},{"@type":"WebSite","@id":"https:\/\/www.parafia.rudyszwald.pl\/#website","url":"https:\/\/www.parafia.rudyszwald.pl\/","name":"Parafia Tr\u00f3jcy \u015awi\u0119tej w Rudyszwa\u0142dzie","description":"Parafia Rudyszwa\u0142d","publisher":{"@id":"https:\/\/www.parafia.rudyszwald.pl\/#organization"},"potentialAction":[{"@type":"SearchAction","target":{"@type":"EntryPoint","urlTemplate":"https:\/\/www.parafia.rudyszwald.pl\/?s={search_term_string}"},"query-input":"required name=search_term_string"}],"inLanguage":"pl-PL"},{"@type":"Organization","@id":"https:\/\/www.parafia.rudyszwald.pl\/#organization","name":"Parafia Tr\u00f3jcy \u015awi\u0119tej w Rudyszwa\u0142dzie","url":"https:\/\/www.parafia.rudyszwald.pl\/","logo":{"@type":"ImageObject","inLanguage":"pl-PL","@id":"https:\/\/www.parafia.rudyszwald.pl\/#\/schema\/logo\/image\/","url":"https:\/\/www.parafia.rudyszwald.pl\/wp-content\/uploads\/2019\/07\/IMG_1_DxO-copy-\u2014-kopia2-\u2014-kopia-2.jpg","contentUrl":"https:\/\/www.parafia.rudyszwald.pl\/wp-content\/uploads\/2019\/07\/IMG_1_DxO-copy-\u2014-kopia2-\u2014-kopia-2.jpg","width":464,"height":711,"caption":"Parafia Tr\u00f3jcy \u015awi\u0119tej w Rudyszwa\u0142dzie"},"image":{"@id":"https:\/\/www.parafia.rudyszwald.pl\/#\/schema\/logo\/image\/"}},{"@type":"Person","@id":"https:\/\/www.parafia.rudyszwald.pl\/#\/schema\/person\/eb159108ad8344c6f9788dffff106b65","name":"autor","url":"https:\/\/www.parafia.rudyszwald.pl\/index.php\/author\/rudyszwald\/"}]}},"jetpack_featured_media_url":"https:\/\/www.parafia.rudyszwald.pl\/wp-content\/uploads\/2025\/05\/rosary-1757435_640.jpg","_links":{"self":[{"href":"https:\/\/www.parafia.rudyszwald.pl\/index.php\/wp-json\/wp\/v2\/posts\/4895"}],"collection":[{"href":"https:\/\/www.parafia.rudyszwald.pl\/index.php\/wp-json\/wp\/v2\/posts"}],"about":[{"href":"https:\/\/www.parafia.rudyszwald.pl\/index.php\/wp-json\/wp\/v2\/types\/post"}],"author":[{"embeddable":true,"href":"https:\/\/www.parafia.rudyszwald.pl\/index.php\/wp-json\/wp\/v2\/users\/1"}],"replies":[{"embeddable":true,"href":"https:\/\/www.parafia.rudyszwald.pl\/index.php\/wp-json\/wp\/v2\/comments?post=4895"}],"version-history":[{"count":5,"href":"https:\/\/www.parafia.rudyszwald.pl\/index.php\/wp-json\/wp\/v2\/posts\/4895\/revisions"}],"predecessor-version":[{"id":4963,"href":"https:\/\/www.parafia.rudyszwald.pl\/index.php\/wp-json\/wp\/v2\/posts\/4895\/revisions\/4963"}],"wp:featuredmedia":[{"embeddable":true,"href":"https:\/\/www.parafia.rudyszwald.pl\/index.php\/wp-json\/wp\/v2\/media\/4896"}],"wp:attachment":[{"href":"https:\/\/www.parafia.rudyszwald.pl\/index.php\/wp-json\/wp\/v2\/media?parent=4895"}],"wp:term":[{"taxonomy":"category","embeddable":true,"href":"https:\/\/www.parafia.rudyszwald.pl\/index.php\/wp-json\/wp\/v2\/categories?post=4895"},{"taxonomy":"post_tag","embeddable":true,"href":"https:\/\/www.parafia.rudyszwald.pl\/index.php\/wp-json\/wp\/v2\/tags?post=4895"}],"curies":[{"name":"wp","href":"https:\/\/api.w.org\/{rel}","templated":true}]}}