{"id":4915,"date":"2025-06-01T12:00:37","date_gmt":"2025-06-01T12:00:37","guid":{"rendered":"https:\/\/www.parafia.rudyszwald.pl\/?p=4915"},"modified":"2025-06-01T12:00:40","modified_gmt":"2025-06-01T12:00:40","slug":"rozstrzygniecie-konkursu-bukiet-dla-maryi","status":"publish","type":"post","link":"https:\/\/www.parafia.rudyszwald.pl\/index.php\/2025\/06\/01\/rozstrzygniecie-konkursu-bukiet-dla-maryi\/","title":{"rendered":"Rozstrzygni\u0119cie konkursu &#8222;Bukiet dla Maryi&#8230;&#8221;"},"content":{"rendered":"\n<hr class=\"wp-block-separator has-alpha-channel-opacity\"\/>\n\n\n\n<div style=\"height:5px\" aria-hidden=\"true\" class=\"wp-block-spacer\"><\/div>\n\n\n\n<p class=\"has-background has-very-light-gray-background-color\" style=\"text-align:justify\">Z rado\u015bci\u0105 informujemy, \u017ce zako\u0144czy\u0142 si\u0119 parafialny konkurs plastyczny dla dzieci i m\u0142odzie\u017cy pt. \u201eBukiet dla Maryi \u2013 Kr\u00f3lowej Majowej \u0141\u0105ki\u201d, zorganizowany przez Wsp\u00f3lnot\u0119 Dzieci Maryi przy parafii Rudyszwa\u0142d. Patronat nad wydarzeniem obj\u0105\u0142 ksi\u0105dz proboszcz. Celem konkursu by\u0142o wykonanie bukietu dla Matki Bo\u017cej \u2013 Kr\u00f3lowej Majowej \u0141\u0105ki \u2013 z dowolnych materia\u0142\u00f3w: papieru, bibu\u0142y, suszonych kwiat\u00f3w czy innych artystycznych tworzyw. Wzi\u0119\u0142o w nim udzia\u0142 15 m\u0142odych artyst\u00f3w, kt\u00f3rzy z ogromnym sercem i zaanga\u017cowaniem stworzyli niezwykle pi\u0119kne i oryginalne prace. Ka\u017cdy z bukiet\u00f3w zachwyca pomys\u0142owo\u015bci\u0105, kolorystyk\u0105 i staranno\u015bci\u0105 wykonania. Dlatego wszystkie prace zaj\u0119\u0142y pierwsze miejsce \u2013 bo ka\u017cda z nich jest wyj\u0105tkowym darem dla Maryi i \u015bwiadectwem dzieci\u0119cej mi\u0142o\u015bci do Matki Bo\u017cej.<\/br> \nBukiety obecnie mo\u017cna podziwia\u0107 na fotografiach zamieszczonych poni\u017cej. Serdecznie dzi\u0119kujemy wszystkim uczestnikom, ich rodzicom, a tak\u017ce opiekunom i organizatorom za pi\u0119kne \u015bwiadectwo wiary i mi\u0142o\u015bci do Maryi. <\/br><\/br>Niech ten wsp\u00f3lny czas majowego tworzenia przyniesie duchowe owoce i jeszcze bardziej zbli\u017ca nas do Boga przez r\u0119ce Jego Matki. \u201eNiepokalana Matko, przyjmij nasze serca jak bukiety dzieci\u0119cej mi\u0142o\u015bci.\u201d (\u015bw. Jan Pawe\u0142 II) Z Maryj\u0105 \u2013 ku Jezusowi!\n<\/p>\n\n\n\n<div style=\"height:30px\" aria-hidden=\"true\" class=\"wp-block-spacer\"><\/div>\n\n\n\n<!-- default-view.php -->\n<div\n\tclass=\"ngg-galleryoverview default-view \"\n\tid=\"ngg-gallery-57d321e3f96dd7da352b4e82cb8e9be0-1\">\n\n\t\t<!-- Thumbnails -->\n\t\t\t\t<div id=\"ngg-image-0\" class=\"ngg-gallery-thumbnail-box \" >\n\t\t\t\t        <div class=\"ngg-gallery-thumbnail\">\n            <a href=\"https:\/\/www.parafia.rudyszwald.pl\/wp-content\/gallery\/bukiet-dla-maryi\/Zdjecie-WhatsApp-2025-05-22-o-17.43.01_05fc6db9_DxO.jpg\"\n               title=\"\"\n               data-src=\"https:\/\/www.parafia.rudyszwald.pl\/wp-content\/gallery\/bukiet-dla-maryi\/Zdjecie-WhatsApp-2025-05-22-o-17.43.01_05fc6db9_DxO.jpg\"\n               data-thumbnail=\"https:\/\/www.parafia.rudyszwald.pl\/wp-content\/gallery\/bukiet-dla-maryi\/thumbs\/thumbs_Zdjecie-WhatsApp-2025-05-22-o-17.43.01_05fc6db9_DxO.jpg\"\n               data-image-id=\"571\"\n               data-title=\"Zdjecie-WhatsApp-2025-05-22-o-17.43.01_05fc6db9_DxO\"\n               data-description=\"\"\n               data-image-slug=\"zdjecie-whatsapp-2025-05-22-o-17-43-01_05fc6db9_dxo\"\n               class=\"ngg-simplelightbox\" rel=\"57d321e3f96dd7da352b4e82cb8e9be0\">\n                <img\n                    title=\"Zdjecie-WhatsApp-2025-05-22-o-17.43.01_05fc6db9_DxO\"\n                    alt=\"Zdjecie-WhatsApp-2025-05-22-o-17.43.01_05fc6db9_DxO\"\n                    src=\"https:\/\/www.parafia.rudyszwald.pl\/wp-content\/gallery\/bukiet-dla-maryi\/thumbs\/thumbs_Zdjecie-WhatsApp-2025-05-22-o-17.43.01_05fc6db9_DxO.jpg\"\n                    width=\"240\"\n                    height=\"160\"\n                    style=\"max-width:100%;\"\n                \/>\n            <\/a>\n        <\/div>\n\t\t\t\t\t\t\t<\/div> \n\t\t\t\n\t\t\t\t<div id=\"ngg-image-1\" class=\"ngg-gallery-thumbnail-box \" >\n\t\t\t\t        <div class=\"ngg-gallery-thumbnail\">\n            <a href=\"https:\/\/www.parafia.rudyszwald.pl\/wp-content\/gallery\/bukiet-dla-maryi\/Zdjecie-WhatsApp-2025-05-22-o-17.43.02_1170af7f_DxO.jpg\"\n               title=\"\"\n               data-src=\"https:\/\/www.parafia.rudyszwald.pl\/wp-content\/gallery\/bukiet-dla-maryi\/Zdjecie-WhatsApp-2025-05-22-o-17.43.02_1170af7f_DxO.jpg\"\n               data-thumbnail=\"https:\/\/www.parafia.rudyszwald.pl\/wp-content\/gallery\/bukiet-dla-maryi\/thumbs\/thumbs_Zdjecie-WhatsApp-2025-05-22-o-17.43.02_1170af7f_DxO.jpg\"\n               data-image-id=\"572\"\n               data-title=\"Zdjecie-WhatsApp-2025-05-22-o-17.43.02_1170af7f_DxO\"\n               data-description=\"\"\n               data-image-slug=\"zdjecie-whatsapp-2025-05-22-o-17-43-02_1170af7f_dxo\"\n               class=\"ngg-simplelightbox\" rel=\"57d321e3f96dd7da352b4e82cb8e9be0\">\n                <img\n                    title=\"Zdjecie-WhatsApp-2025-05-22-o-17.43.02_1170af7f_DxO\"\n                    alt=\"Zdjecie-WhatsApp-2025-05-22-o-17.43.02_1170af7f_DxO\"\n                    src=\"https:\/\/www.parafia.rudyszwald.pl\/wp-content\/gallery\/bukiet-dla-maryi\/thumbs\/thumbs_Zdjecie-WhatsApp-2025-05-22-o-17.43.02_1170af7f_DxO.jpg\"\n                    width=\"240\"\n                    height=\"160\"\n                    style=\"max-width:100%;\"\n                \/>\n            <\/a>\n        <\/div>\n\t\t\t\t\t\t\t<\/div> \n\t\t\t\n\t\t\t\t<div id=\"ngg-image-2\" class=\"ngg-gallery-thumbnail-box \" >\n\t\t\t\t        <div class=\"ngg-gallery-thumbnail\">\n            <a href=\"https:\/\/www.parafia.rudyszwald.pl\/wp-content\/gallery\/bukiet-dla-maryi\/Zdjecie-WhatsApp-2025-05-22-o-17.43.01_8463697a_DxO.jpg\"\n               title=\"\"\n               data-src=\"https:\/\/www.parafia.rudyszwald.pl\/wp-content\/gallery\/bukiet-dla-maryi\/Zdjecie-WhatsApp-2025-05-22-o-17.43.01_8463697a_DxO.jpg\"\n               data-thumbnail=\"https:\/\/www.parafia.rudyszwald.pl\/wp-content\/gallery\/bukiet-dla-maryi\/thumbs\/thumbs_Zdjecie-WhatsApp-2025-05-22-o-17.43.01_8463697a_DxO.jpg\"\n               data-image-id=\"573\"\n               data-title=\"Zdjecie-WhatsApp-2025-05-22-o-17.43.01_8463697a_DxO\"\n               data-description=\"\"\n               data-image-slug=\"zdjecie-whatsapp-2025-05-22-o-17-43-01_8463697a_dxo\"\n               class=\"ngg-simplelightbox\" rel=\"57d321e3f96dd7da352b4e82cb8e9be0\">\n                <img\n                    title=\"Zdjecie-WhatsApp-2025-05-22-o-17.43.01_8463697a_DxO\"\n                    alt=\"Zdjecie-WhatsApp-2025-05-22-o-17.43.01_8463697a_DxO\"\n                    src=\"https:\/\/www.parafia.rudyszwald.pl\/wp-content\/gallery\/bukiet-dla-maryi\/thumbs\/thumbs_Zdjecie-WhatsApp-2025-05-22-o-17.43.01_8463697a_DxO.jpg\"\n                    width=\"240\"\n                    height=\"160\"\n                    style=\"max-width:100%;\"\n                \/>\n            <\/a>\n        <\/div>\n\t\t\t\t\t\t\t<\/div> \n\t\t\t\n\t\t\t\t<div id=\"ngg-image-3\" class=\"ngg-gallery-thumbnail-box \" >\n\t\t\t\t        <div class=\"ngg-gallery-thumbnail\">\n            <a href=\"https:\/\/www.parafia.rudyszwald.pl\/wp-content\/gallery\/bukiet-dla-maryi\/Zdjecie-WhatsApp-2025-05-22-o-17.43.01_86c7d56a_DxO.jpg\"\n               title=\"\"\n               data-src=\"https:\/\/www.parafia.rudyszwald.pl\/wp-content\/gallery\/bukiet-dla-maryi\/Zdjecie-WhatsApp-2025-05-22-o-17.43.01_86c7d56a_DxO.jpg\"\n               data-thumbnail=\"https:\/\/www.parafia.rudyszwald.pl\/wp-content\/gallery\/bukiet-dla-maryi\/thumbs\/thumbs_Zdjecie-WhatsApp-2025-05-22-o-17.43.01_86c7d56a_DxO.jpg\"\n               data-image-id=\"574\"\n               data-title=\"Zdjecie-WhatsApp-2025-05-22-o-17.43.01_86c7d56a_DxO\"\n               data-description=\"\"\n               data-image-slug=\"zdjecie-whatsapp-2025-05-22-o-17-43-01_86c7d56a_dxo\"\n               class=\"ngg-simplelightbox\" rel=\"57d321e3f96dd7da352b4e82cb8e9be0\">\n                <img\n                    title=\"Zdjecie-WhatsApp-2025-05-22-o-17.43.01_86c7d56a_DxO\"\n                    alt=\"Zdjecie-WhatsApp-2025-05-22-o-17.43.01_86c7d56a_DxO\"\n                    src=\"https:\/\/www.parafia.rudyszwald.pl\/wp-content\/gallery\/bukiet-dla-maryi\/thumbs\/thumbs_Zdjecie-WhatsApp-2025-05-22-o-17.43.01_86c7d56a_DxO.jpg\"\n                    width=\"240\"\n                    height=\"160\"\n                    style=\"max-width:100%;\"\n                \/>\n            <\/a>\n        <\/div>\n\t\t\t\t\t\t\t<\/div> \n\t\t\t\n\t\t\t\t<div id=\"ngg-image-4\" class=\"ngg-gallery-thumbnail-box \" >\n\t\t\t\t        <div class=\"ngg-gallery-thumbnail\">\n            <a href=\"https:\/\/www.parafia.rudyszwald.pl\/wp-content\/gallery\/bukiet-dla-maryi\/Zdjecie-WhatsApp-2025-05-22-o-17.43.01_8059f478_DxO.jpg\"\n               title=\"\"\n               data-src=\"https:\/\/www.parafia.rudyszwald.pl\/wp-content\/gallery\/bukiet-dla-maryi\/Zdjecie-WhatsApp-2025-05-22-o-17.43.01_8059f478_DxO.jpg\"\n               data-thumbnail=\"https:\/\/www.parafia.rudyszwald.pl\/wp-content\/gallery\/bukiet-dla-maryi\/thumbs\/thumbs_Zdjecie-WhatsApp-2025-05-22-o-17.43.01_8059f478_DxO.jpg\"\n               data-image-id=\"575\"\n               data-title=\"Zdjecie-WhatsApp-2025-05-22-o-17.43.01_8059f478_DxO\"\n               data-description=\"\"\n               data-image-slug=\"zdjecie-whatsapp-2025-05-22-o-17-43-01_8059f478_dxo\"\n               class=\"ngg-simplelightbox\" rel=\"57d321e3f96dd7da352b4e82cb8e9be0\">\n                <img\n                    title=\"Zdjecie-WhatsApp-2025-05-22-o-17.43.01_8059f478_DxO\"\n                    alt=\"Zdjecie-WhatsApp-2025-05-22-o-17.43.01_8059f478_DxO\"\n                    src=\"https:\/\/www.parafia.rudyszwald.pl\/wp-content\/gallery\/bukiet-dla-maryi\/thumbs\/thumbs_Zdjecie-WhatsApp-2025-05-22-o-17.43.01_8059f478_DxO.jpg\"\n                    width=\"240\"\n                    height=\"160\"\n                    style=\"max-width:100%;\"\n                \/>\n            <\/a>\n        <\/div>\n\t\t\t\t\t\t\t<\/div> \n\t\t\t\n\t\t\t\t<div id=\"ngg-image-5\" class=\"ngg-gallery-thumbnail-box \" >\n\t\t\t\t        <div class=\"ngg-gallery-thumbnail\">\n            <a href=\"https:\/\/www.parafia.rudyszwald.pl\/wp-content\/gallery\/bukiet-dla-maryi\/Zdjecie-WhatsApp-2025-05-22-o-17.43.01_c4a65f4a_DxO.jpg\"\n               title=\"\"\n               data-src=\"https:\/\/www.parafia.rudyszwald.pl\/wp-content\/gallery\/bukiet-dla-maryi\/Zdjecie-WhatsApp-2025-05-22-o-17.43.01_c4a65f4a_DxO.jpg\"\n               data-thumbnail=\"https:\/\/www.parafia.rudyszwald.pl\/wp-content\/gallery\/bukiet-dla-maryi\/thumbs\/thumbs_Zdjecie-WhatsApp-2025-05-22-o-17.43.01_c4a65f4a_DxO.jpg\"\n               data-image-id=\"576\"\n               data-title=\"Zdjecie-WhatsApp-2025-05-22-o-17.43.01_c4a65f4a_DxO\"\n               data-description=\"\"\n               data-image-slug=\"zdjecie-whatsapp-2025-05-22-o-17-43-01_c4a65f4a_dxo\"\n               class=\"ngg-simplelightbox\" rel=\"57d321e3f96dd7da352b4e82cb8e9be0\">\n                <img\n                    title=\"Zdjecie-WhatsApp-2025-05-22-o-17.43.01_c4a65f4a_DxO\"\n                    alt=\"Zdjecie-WhatsApp-2025-05-22-o-17.43.01_c4a65f4a_DxO\"\n                    src=\"https:\/\/www.parafia.rudyszwald.pl\/wp-content\/gallery\/bukiet-dla-maryi\/thumbs\/thumbs_Zdjecie-WhatsApp-2025-05-22-o-17.43.01_c4a65f4a_DxO.jpg\"\n                    width=\"240\"\n                    height=\"160\"\n                    style=\"max-width:100%;\"\n                \/>\n            <\/a>\n        <\/div>\n\t\t\t\t\t\t\t<\/div> \n\t\t\t\n\t\n\t<br style=\"clear: both\" \/>\n\n\t\n\t\t<!-- Pagination -->\n\t<div class='ngg-clear'><\/div>\t<\/div>\n\n\n\n\n<div style=\"height:30px\" aria-hidden=\"true\" class=\"wp-block-spacer\"><\/div>\n\n\n\n<div class=\"is-content-justification-center is-layout-flex wp-container-1 wp-block-buttons\">\n<div class=\"wp-block-button is-style-outline\"><a class=\"wp-block-button__link wp-element-button\" href=\"https:\/\/www.parafia.rudyszwald.pl\/\">strona g\u0142\u00f3wna<\/a><\/div>\n<\/div>\n","protected":false},"excerpt":{"rendered":"<p>Z rado\u015bci\u0105 informujemy, \u017ce zako\u0144czy\u0142 si\u0119 parafialny konkurs plastyczny dla dzieci i m\u0142odzie\u017cy pt. \u201eBukiet dla Maryi \u2013 Kr\u00f3lowej Majowej \u0141\u0105ki\u201d, zorganizowany przez Wsp\u00f3lnot\u0119 Dzieci Maryi przy parafii Rudyszwa\u0142d. Patronat nad wydarzeniem obj\u0105\u0142 ksi\u0105dz proboszcz. Celem konkursu by\u0142o wykonanie bukietu dla Matki Bo\u017cej \u2013 Kr\u00f3lowej Majowej \u0141\u0105ki \u2013 z dowolnych<\/p>\n<div class=\"belowpost\"><a class=\"btnmore icon-arrow\" href=\"https:\/\/www.parafia.rudyszwald.pl\/index.php\/2025\/06\/01\/rozstrzygniecie-konkursu-bukiet-dla-maryi\/\"><span>Read More<\/span><\/a><\/div>\n","protected":false},"author":1,"featured_media":4924,"comment_status":"closed","ping_status":"closed","sticky":false,"template":"","format":"standard","meta":{"_exactmetrics_skip_tracking":false,"_exactmetrics_sitenote_active":false,"_exactmetrics_sitenote_note":"","_exactmetrics_sitenote_category":0,"ngg_post_thumbnail":0,"jetpack_publicize_message":"","jetpack_is_tweetstorm":false,"jetpack_publicize_feature_enabled":true,"jetpack_social_post_already_shared":true,"jetpack_social_options":[]},"categories":[1],"tags":[],"jetpack_publicize_connections":[],"yoast_head":"<!-- This site is optimized with the Yoast SEO plugin v19.11 - https:\/\/yoast.com\/wordpress\/plugins\/seo\/ -->\n<title>Rozstrzygni\u0119cie konkursu &quot;Bukiet dla Maryi...&quot; - Parafia Tr\u00f3jcy \u015awi\u0119tej w Rudyszwa\u0142dzie<\/title>\n<meta name=\"robots\" content=\"index, follow, max-snippet:-1, max-image-preview:large, max-video-preview:-1\" \/>\n<link rel=\"canonical\" href=\"https:\/\/www.parafia.rudyszwald.pl\/index.php\/2025\/06\/01\/rozstrzygniecie-konkursu-bukiet-dla-maryi\/\" \/>\n<meta property=\"og:locale\" content=\"pl_PL\" \/>\n<meta property=\"og:type\" content=\"article\" \/>\n<meta property=\"og:title\" content=\"Rozstrzygni\u0119cie konkursu &quot;Bukiet dla Maryi...&quot; - Parafia Tr\u00f3jcy \u015awi\u0119tej w Rudyszwa\u0142dzie\" \/>\n<meta property=\"og:description\" content=\"Z rado\u015bci\u0105 informujemy, \u017ce zako\u0144czy\u0142 si\u0119 parafialny konkurs plastyczny dla dzieci i m\u0142odzie\u017cy pt. \u201eBukiet dla Maryi \u2013 Kr\u00f3lowej Majowej \u0141\u0105ki\u201d, zorganizowany przez Wsp\u00f3lnot\u0119 Dzieci Maryi przy parafii Rudyszwa\u0142d. Patronat nad wydarzeniem obj\u0105\u0142 ksi\u0105dz proboszcz. Celem konkursu by\u0142o wykonanie bukietu dla Matki Bo\u017cej \u2013 Kr\u00f3lowej Majowej \u0141\u0105ki \u2013 z dowolnychRead More\" \/>\n<meta property=\"og:url\" content=\"https:\/\/www.parafia.rudyszwald.pl\/index.php\/2025\/06\/01\/rozstrzygniecie-konkursu-bukiet-dla-maryi\/\" \/>\n<meta property=\"og:site_name\" content=\"Parafia Tr\u00f3jcy \u015awi\u0119tej w Rudyszwa\u0142dzie\" \/>\n<meta property=\"article:published_time\" content=\"2025-06-01T12:00:37+00:00\" \/>\n<meta property=\"article:modified_time\" content=\"2025-06-01T12:00:40+00:00\" \/>\n<meta property=\"og:image\" content=\"https:\/\/www.parafia.rudyszwald.pl\/wp-content\/uploads\/2025\/06\/image118.jpg\" \/>\n\t<meta property=\"og:image:width\" content=\"1080\" \/>\n\t<meta property=\"og:image:height\" content=\"720\" \/>\n\t<meta property=\"og:image:type\" content=\"image\/jpeg\" \/>\n<meta name=\"author\" content=\"autor\" \/>\n<meta name=\"twitter:card\" content=\"summary_large_image\" \/>\n<meta name=\"twitter:label1\" content=\"Napisane przez\" \/>\n\t<meta name=\"twitter:data1\" content=\"autor\" \/>\n\t<meta name=\"twitter:label2\" content=\"Szacowany czas czytania\" \/>\n\t<meta name=\"twitter:data2\" content=\"2 minuty\" \/>\n<script type=\"application\/ld+json\" class=\"yoast-schema-graph\">{\"@context\":\"https:\/\/schema.org\",\"@graph\":[{\"@type\":\"Article\",\"@id\":\"https:\/\/www.parafia.rudyszwald.pl\/index.php\/2025\/06\/01\/rozstrzygniecie-konkursu-bukiet-dla-maryi\/#article\",\"isPartOf\":{\"@id\":\"https:\/\/www.parafia.rudyszwald.pl\/index.php\/2025\/06\/01\/rozstrzygniecie-konkursu-bukiet-dla-maryi\/\"},\"author\":{\"name\":\"autor\",\"@id\":\"https:\/\/www.parafia.rudyszwald.pl\/#\/schema\/person\/eb159108ad8344c6f9788dffff106b65\"},\"headline\":\"Rozstrzygni\u0119cie konkursu &#8222;Bukiet dla Maryi&#8230;&#8221;\",\"datePublished\":\"2025-06-01T12:00:37+00:00\",\"dateModified\":\"2025-06-01T12:00:40+00:00\",\"mainEntityOfPage\":{\"@id\":\"https:\/\/www.parafia.rudyszwald.pl\/index.php\/2025\/06\/01\/rozstrzygniecie-konkursu-bukiet-dla-maryi\/\"},\"wordCount\":232,\"publisher\":{\"@id\":\"https:\/\/www.parafia.rudyszwald.pl\/#organization\"},\"articleSection\":[\"wszystkie aktualno\u015bci\"],\"inLanguage\":\"pl-PL\"},{\"@type\":\"WebPage\",\"@id\":\"https:\/\/www.parafia.rudyszwald.pl\/index.php\/2025\/06\/01\/rozstrzygniecie-konkursu-bukiet-dla-maryi\/\",\"url\":\"https:\/\/www.parafia.rudyszwald.pl\/index.php\/2025\/06\/01\/rozstrzygniecie-konkursu-bukiet-dla-maryi\/\",\"name\":\"Rozstrzygni\u0119cie konkursu \\\"Bukiet dla Maryi...\\\" - Parafia Tr\u00f3jcy \u015awi\u0119tej w Rudyszwa\u0142dzie\",\"isPartOf\":{\"@id\":\"https:\/\/www.parafia.rudyszwald.pl\/#website\"},\"datePublished\":\"2025-06-01T12:00:37+00:00\",\"dateModified\":\"2025-06-01T12:00:40+00:00\",\"breadcrumb\":{\"@id\":\"https:\/\/www.parafia.rudyszwald.pl\/index.php\/2025\/06\/01\/rozstrzygniecie-konkursu-bukiet-dla-maryi\/#breadcrumb\"},\"inLanguage\":\"pl-PL\",\"potentialAction\":[{\"@type\":\"ReadAction\",\"target\":[\"https:\/\/www.parafia.rudyszwald.pl\/index.php\/2025\/06\/01\/rozstrzygniecie-konkursu-bukiet-dla-maryi\/\"]}]},{\"@type\":\"BreadcrumbList\",\"@id\":\"https:\/\/www.parafia.rudyszwald.pl\/index.php\/2025\/06\/01\/rozstrzygniecie-konkursu-bukiet-dla-maryi\/#breadcrumb\",\"itemListElement\":[{\"@type\":\"ListItem\",\"position\":1,\"name\":\"Strona g\u0142\u00f3wna\",\"item\":\"https:\/\/www.parafia.rudyszwald.pl\/\"},{\"@type\":\"ListItem\",\"position\":2,\"name\":\"Rozstrzygni\u0119cie konkursu &#8222;Bukiet dla Maryi&#8230;&#8221;\"}]},{\"@type\":\"WebSite\",\"@id\":\"https:\/\/www.parafia.rudyszwald.pl\/#website\",\"url\":\"https:\/\/www.parafia.rudyszwald.pl\/\",\"name\":\"Parafia Tr\u00f3jcy \u015awi\u0119tej w Rudyszwa\u0142dzie\",\"description\":\"Parafia Rudyszwa\u0142d\",\"publisher\":{\"@id\":\"https:\/\/www.parafia.rudyszwald.pl\/#organization\"},\"potentialAction\":[{\"@type\":\"SearchAction\",\"target\":{\"@type\":\"EntryPoint\",\"urlTemplate\":\"https:\/\/www.parafia.rudyszwald.pl\/?s={search_term_string}\"},\"query-input\":\"required name=search_term_string\"}],\"inLanguage\":\"pl-PL\"},{\"@type\":\"Organization\",\"@id\":\"https:\/\/www.parafia.rudyszwald.pl\/#organization\",\"name\":\"Parafia Tr\u00f3jcy \u015awi\u0119tej w Rudyszwa\u0142dzie\",\"url\":\"https:\/\/www.parafia.rudyszwald.pl\/\",\"logo\":{\"@type\":\"ImageObject\",\"inLanguage\":\"pl-PL\",\"@id\":\"https:\/\/www.parafia.rudyszwald.pl\/#\/schema\/logo\/image\/\",\"url\":\"https:\/\/www.parafia.rudyszwald.pl\/wp-content\/uploads\/2019\/07\/IMG_1_DxO-copy-\u2014-kopia2-\u2014-kopia-2.jpg\",\"contentUrl\":\"https:\/\/www.parafia.rudyszwald.pl\/wp-content\/uploads\/2019\/07\/IMG_1_DxO-copy-\u2014-kopia2-\u2014-kopia-2.jpg\",\"width\":464,\"height\":711,\"caption\":\"Parafia Tr\u00f3jcy \u015awi\u0119tej w Rudyszwa\u0142dzie\"},\"image\":{\"@id\":\"https:\/\/www.parafia.rudyszwald.pl\/#\/schema\/logo\/image\/\"}},{\"@type\":\"Person\",\"@id\":\"https:\/\/www.parafia.rudyszwald.pl\/#\/schema\/person\/eb159108ad8344c6f9788dffff106b65\",\"name\":\"autor\",\"url\":\"https:\/\/www.parafia.rudyszwald.pl\/index.php\/author\/rudyszwald\/\"}]}<\/script>\n<!-- \/ Yoast SEO plugin. -->","yoast_head_json":{"title":"Rozstrzygni\u0119cie konkursu \"Bukiet dla Maryi...\" - Parafia Tr\u00f3jcy \u015awi\u0119tej w Rudyszwa\u0142dzie","robots":{"index":"index","follow":"follow","max-snippet":"max-snippet:-1","max-image-preview":"max-image-preview:large","max-video-preview":"max-video-preview:-1"},"canonical":"https:\/\/www.parafia.rudyszwald.pl\/index.php\/2025\/06\/01\/rozstrzygniecie-konkursu-bukiet-dla-maryi\/","og_locale":"pl_PL","og_type":"article","og_title":"Rozstrzygni\u0119cie konkursu \"Bukiet dla Maryi...\" - Parafia Tr\u00f3jcy \u015awi\u0119tej w Rudyszwa\u0142dzie","og_description":"Z rado\u015bci\u0105 informujemy, \u017ce zako\u0144czy\u0142 si\u0119 parafialny konkurs plastyczny dla dzieci i m\u0142odzie\u017cy pt. \u201eBukiet dla Maryi \u2013 Kr\u00f3lowej Majowej \u0141\u0105ki\u201d, zorganizowany przez Wsp\u00f3lnot\u0119 Dzieci Maryi przy parafii Rudyszwa\u0142d. Patronat nad wydarzeniem obj\u0105\u0142 ksi\u0105dz proboszcz. Celem konkursu by\u0142o wykonanie bukietu dla Matki Bo\u017cej \u2013 Kr\u00f3lowej Majowej \u0141\u0105ki \u2013 z dowolnychRead More","og_url":"https:\/\/www.parafia.rudyszwald.pl\/index.php\/2025\/06\/01\/rozstrzygniecie-konkursu-bukiet-dla-maryi\/","og_site_name":"Parafia Tr\u00f3jcy \u015awi\u0119tej w Rudyszwa\u0142dzie","article_published_time":"2025-06-01T12:00:37+00:00","article_modified_time":"2025-06-01T12:00:40+00:00","og_image":[{"width":1080,"height":720,"url":"https:\/\/www.parafia.rudyszwald.pl\/wp-content\/uploads\/2025\/06\/image118.jpg","type":"image\/jpeg"}],"author":"autor","twitter_card":"summary_large_image","twitter_misc":{"Napisane przez":"autor","Szacowany czas czytania":"2 minuty"},"schema":{"@context":"https:\/\/schema.org","@graph":[{"@type":"Article","@id":"https:\/\/www.parafia.rudyszwald.pl\/index.php\/2025\/06\/01\/rozstrzygniecie-konkursu-bukiet-dla-maryi\/#article","isPartOf":{"@id":"https:\/\/www.parafia.rudyszwald.pl\/index.php\/2025\/06\/01\/rozstrzygniecie-konkursu-bukiet-dla-maryi\/"},"author":{"name":"autor","@id":"https:\/\/www.parafia.rudyszwald.pl\/#\/schema\/person\/eb159108ad8344c6f9788dffff106b65"},"headline":"Rozstrzygni\u0119cie konkursu &#8222;Bukiet dla Maryi&#8230;&#8221;","datePublished":"2025-06-01T12:00:37+00:00","dateModified":"2025-06-01T12:00:40+00:00","mainEntityOfPage":{"@id":"https:\/\/www.parafia.rudyszwald.pl\/index.php\/2025\/06\/01\/rozstrzygniecie-konkursu-bukiet-dla-maryi\/"},"wordCount":232,"publisher":{"@id":"https:\/\/www.parafia.rudyszwald.pl\/#organization"},"articleSection":["wszystkie aktualno\u015bci"],"inLanguage":"pl-PL"},{"@type":"WebPage","@id":"https:\/\/www.parafia.rudyszwald.pl\/index.php\/2025\/06\/01\/rozstrzygniecie-konkursu-bukiet-dla-maryi\/","url":"https:\/\/www.parafia.rudyszwald.pl\/index.php\/2025\/06\/01\/rozstrzygniecie-konkursu-bukiet-dla-maryi\/","name":"Rozstrzygni\u0119cie konkursu \"Bukiet dla Maryi...\" - Parafia Tr\u00f3jcy \u015awi\u0119tej w Rudyszwa\u0142dzie","isPartOf":{"@id":"https:\/\/www.parafia.rudyszwald.pl\/#website"},"datePublished":"2025-06-01T12:00:37+00:00","dateModified":"2025-06-01T12:00:40+00:00","breadcrumb":{"@id":"https:\/\/www.parafia.rudyszwald.pl\/index.php\/2025\/06\/01\/rozstrzygniecie-konkursu-bukiet-dla-maryi\/#breadcrumb"},"inLanguage":"pl-PL","potentialAction":[{"@type":"ReadAction","target":["https:\/\/www.parafia.rudyszwald.pl\/index.php\/2025\/06\/01\/rozstrzygniecie-konkursu-bukiet-dla-maryi\/"]}]},{"@type":"BreadcrumbList","@id":"https:\/\/www.parafia.rudyszwald.pl\/index.php\/2025\/06\/01\/rozstrzygniecie-konkursu-bukiet-dla-maryi\/#breadcrumb","itemListElement":[{"@type":"ListItem","position":1,"name":"Strona g\u0142\u00f3wna","item":"https:\/\/www.parafia.rudyszwald.pl\/"},{"@type":"ListItem","position":2,"name":"Rozstrzygni\u0119cie konkursu &#8222;Bukiet dla Maryi&#8230;&#8221;"}]},{"@type":"WebSite","@id":"https:\/\/www.parafia.rudyszwald.pl\/#website","url":"https:\/\/www.parafia.rudyszwald.pl\/","name":"Parafia Tr\u00f3jcy \u015awi\u0119tej w Rudyszwa\u0142dzie","description":"Parafia Rudyszwa\u0142d","publisher":{"@id":"https:\/\/www.parafia.rudyszwald.pl\/#organization"},"potentialAction":[{"@type":"SearchAction","target":{"@type":"EntryPoint","urlTemplate":"https:\/\/www.parafia.rudyszwald.pl\/?s={search_term_string}"},"query-input":"required name=search_term_string"}],"inLanguage":"pl-PL"},{"@type":"Organization","@id":"https:\/\/www.parafia.rudyszwald.pl\/#organization","name":"Parafia Tr\u00f3jcy \u015awi\u0119tej w Rudyszwa\u0142dzie","url":"https:\/\/www.parafia.rudyszwald.pl\/","logo":{"@type":"ImageObject","inLanguage":"pl-PL","@id":"https:\/\/www.parafia.rudyszwald.pl\/#\/schema\/logo\/image\/","url":"https:\/\/www.parafia.rudyszwald.pl\/wp-content\/uploads\/2019\/07\/IMG_1_DxO-copy-\u2014-kopia2-\u2014-kopia-2.jpg","contentUrl":"https:\/\/www.parafia.rudyszwald.pl\/wp-content\/uploads\/2019\/07\/IMG_1_DxO-copy-\u2014-kopia2-\u2014-kopia-2.jpg","width":464,"height":711,"caption":"Parafia Tr\u00f3jcy \u015awi\u0119tej w Rudyszwa\u0142dzie"},"image":{"@id":"https:\/\/www.parafia.rudyszwald.pl\/#\/schema\/logo\/image\/"}},{"@type":"Person","@id":"https:\/\/www.parafia.rudyszwald.pl\/#\/schema\/person\/eb159108ad8344c6f9788dffff106b65","name":"autor","url":"https:\/\/www.parafia.rudyszwald.pl\/index.php\/author\/rudyszwald\/"}]}},"jetpack_featured_media_url":"https:\/\/www.parafia.rudyszwald.pl\/wp-content\/uploads\/2025\/06\/image118.jpg","_links":{"self":[{"href":"https:\/\/www.parafia.rudyszwald.pl\/index.php\/wp-json\/wp\/v2\/posts\/4915"}],"collection":[{"href":"https:\/\/www.parafia.rudyszwald.pl\/index.php\/wp-json\/wp\/v2\/posts"}],"about":[{"href":"https:\/\/www.parafia.rudyszwald.pl\/index.php\/wp-json\/wp\/v2\/types\/post"}],"author":[{"embeddable":true,"href":"https:\/\/www.parafia.rudyszwald.pl\/index.php\/wp-json\/wp\/v2\/users\/1"}],"replies":[{"embeddable":true,"href":"https:\/\/www.parafia.rudyszwald.pl\/index.php\/wp-json\/wp\/v2\/comments?post=4915"}],"version-history":[{"count":2,"href":"https:\/\/www.parafia.rudyszwald.pl\/index.php\/wp-json\/wp\/v2\/posts\/4915\/revisions"}],"predecessor-version":[{"id":4925,"href":"https:\/\/www.parafia.rudyszwald.pl\/index.php\/wp-json\/wp\/v2\/posts\/4915\/revisions\/4925"}],"wp:featuredmedia":[{"embeddable":true,"href":"https:\/\/www.parafia.rudyszwald.pl\/index.php\/wp-json\/wp\/v2\/media\/4924"}],"wp:attachment":[{"href":"https:\/\/www.parafia.rudyszwald.pl\/index.php\/wp-json\/wp\/v2\/media?parent=4915"}],"wp:term":[{"taxonomy":"category","embeddable":true,"href":"https:\/\/www.parafia.rudyszwald.pl\/index.php\/wp-json\/wp\/v2\/categories?post=4915"},{"taxonomy":"post_tag","embeddable":true,"href":"https:\/\/www.parafia.rudyszwald.pl\/index.php\/wp-json\/wp\/v2\/tags?post=4915"}],"curies":[{"name":"wp","href":"https:\/\/api.w.org\/{rel}","templated":true}]}}