{"id":5001,"date":"2025-10-31T22:31:40","date_gmt":"2025-10-31T22:31:40","guid":{"rendered":"https:\/\/www.parafia.rudyszwald.pl\/?p=5001"},"modified":"2025-10-31T22:31:42","modified_gmt":"2025-10-31T22:31:42","slug":"odpust-zupelny-za-bliskich-zmarlych","status":"publish","type":"post","link":"https:\/\/www.parafia.rudyszwald.pl\/index.php\/2025\/10\/31\/odpust-zupelny-za-bliskich-zmarlych\/","title":{"rendered":"Odpust zupe\u0142ny za bliskich zmar\u0142ych"},"content":{"rendered":"\n<hr class=\"wp-block-separator has-alpha-channel-opacity\"\/>\n\n\n\n<div style=\"height:5px\" aria-hidden=\"true\" class=\"wp-block-spacer\"><\/div>\n\n\n\n<p class=\"has-background has-very-light-gray-background-color\" style=\"text-align:justify\">W Uroczysto\u015b\u0107 Wszystkich \u015awi\u0119tych zapraszamy na Msze \u015awi\u0119te o godzinie 8.00 oraz 10.00. Jednocze\u015bnie zach\u0119camy do stara\u0144 o uzyskanie odpustu zupe\u0142nego za zmar\u0142ych.<br><br><strong>Wierni kt\u00f3rzy pobo\u017cnie nawiedz\u0105 cmentarz w dniach od 1 do 8 listopada i spe\u0142ni\u0105 poni\u017csze warunki, mog\u0105 ka\u017cdego dnia uzyska\u0107 odpust zupe\u0142ny za osob\u0119 zmar\u0142\u0105.<\/strong> Mo\u017cna go uzyska\u0107 tylko jeden raz w ci\u0105gu dnia. Ka\u017cdego dnia za jedn\u0105 dusz\u0119. <br><br><strong>Warunki uzyskania odpustu:<\/strong><br>&#8211; przyst\u0105pienie do sakramentu pokuty,<br>&#8211; przyj\u0119cie Komunii \u015awi\u0119tej,<br>&#8211; modlitwa Ojcze Nasz,<br>&#8211; Wierz\u0119 w Boga, <br>&#8211; dowolna modlitwa w intencjach Ojca \u015awi\u0119tego. <br><br><i>Penitencjaria Apostolska,\nEnchiridion indulgentiarum (EI 29).<\/i><\/p>\n\n\n\n<div style=\"height:30px\" aria-hidden=\"true\" class=\"wp-block-spacer\"><\/div>\n\n\n\n<div class=\"is-content-justification-center is-layout-flex wp-container-1 wp-block-buttons\">\n<div class=\"wp-block-button is-style-outline\"><a class=\"wp-block-button__link wp-element-button\" href=\"https:\/\/www.parafia.rudyszwald.pl\/\">strona g\u0142\u00f3wna<\/a><\/div>\n<\/div>\n","protected":false},"excerpt":{"rendered":"<p>W Uroczysto\u015b\u0107 Wszystkich \u015awi\u0119tych zapraszamy na Msze \u015awi\u0119te o godzinie 8.00 oraz 10.00. Jednocze\u015bnie zach\u0119camy do stara\u0144 o uzyskanie odpustu zupe\u0142nego za zmar\u0142ych. Wierni kt\u00f3rzy pobo\u017cnie nawiedz\u0105 cmentarz w dniach od 1 do 8 listopada i spe\u0142ni\u0105 poni\u017csze warunki, mog\u0105 ka\u017cdego dnia uzyska\u0107 odpust zupe\u0142ny za osob\u0119 zmar\u0142\u0105. Mo\u017cna go<\/p>\n<div class=\"belowpost\"><a class=\"btnmore icon-arrow\" href=\"https:\/\/www.parafia.rudyszwald.pl\/index.php\/2025\/10\/31\/odpust-zupelny-za-bliskich-zmarlych\/\"><span>Read More<\/span><\/a><\/div>\n","protected":false},"author":1,"featured_media":5002,"comment_status":"closed","ping_status":"closed","sticky":false,"template":"","format":"standard","meta":{"_exactmetrics_skip_tracking":false,"_exactmetrics_sitenote_active":false,"_exactmetrics_sitenote_note":"","_exactmetrics_sitenote_category":0,"ngg_post_thumbnail":0,"jetpack_publicize_message":"","jetpack_is_tweetstorm":false,"jetpack_publicize_feature_enabled":true,"jetpack_social_post_already_shared":true,"jetpack_social_options":[]},"categories":[1],"tags":[],"jetpack_publicize_connections":[],"yoast_head":"<!-- This site is optimized with the Yoast SEO plugin v19.11 - https:\/\/yoast.com\/wordpress\/plugins\/seo\/ -->\n<title>Odpust zupe\u0142ny za bliskich zmar\u0142ych - Parafia Tr\u00f3jcy \u015awi\u0119tej w Rudyszwa\u0142dzie<\/title>\n<meta name=\"robots\" content=\"index, follow, max-snippet:-1, max-image-preview:large, max-video-preview:-1\" \/>\n<link rel=\"canonical\" href=\"https:\/\/www.parafia.rudyszwald.pl\/index.php\/2025\/10\/31\/odpust-zupelny-za-bliskich-zmarlych\/\" \/>\n<meta property=\"og:locale\" content=\"pl_PL\" \/>\n<meta property=\"og:type\" content=\"article\" \/>\n<meta property=\"og:title\" content=\"Odpust zupe\u0142ny za bliskich zmar\u0142ych - Parafia Tr\u00f3jcy \u015awi\u0119tej w Rudyszwa\u0142dzie\" \/>\n<meta property=\"og:description\" content=\"W Uroczysto\u015b\u0107 Wszystkich \u015awi\u0119tych zapraszamy na Msze \u015awi\u0119te o godzinie 8.00 oraz 10.00. Jednocze\u015bnie zach\u0119camy do stara\u0144 o uzyskanie odpustu zupe\u0142nego za zmar\u0142ych. Wierni kt\u00f3rzy pobo\u017cnie nawiedz\u0105 cmentarz w dniach od 1 do 8 listopada i spe\u0142ni\u0105 poni\u017csze warunki, mog\u0105 ka\u017cdego dnia uzyska\u0107 odpust zupe\u0142ny za osob\u0119 zmar\u0142\u0105. Mo\u017cna goRead More\" \/>\n<meta property=\"og:url\" content=\"https:\/\/www.parafia.rudyszwald.pl\/index.php\/2025\/10\/31\/odpust-zupelny-za-bliskich-zmarlych\/\" \/>\n<meta property=\"og:site_name\" content=\"Parafia Tr\u00f3jcy \u015awi\u0119tej w Rudyszwa\u0142dzie\" \/>\n<meta property=\"article:published_time\" content=\"2025-10-31T22:31:40+00:00\" \/>\n<meta property=\"article:modified_time\" content=\"2025-10-31T22:31:42+00:00\" \/>\n<meta property=\"og:image\" content=\"https:\/\/www.parafia.rudyszwald.pl\/wp-content\/uploads\/2025\/10\/floral-arrangement-7565923_640.jpg\" \/>\n\t<meta property=\"og:image:width\" content=\"640\" \/>\n\t<meta property=\"og:image:height\" content=\"427\" \/>\n\t<meta property=\"og:image:type\" content=\"image\/jpeg\" \/>\n<meta name=\"author\" content=\"autor\" \/>\n<meta name=\"twitter:card\" content=\"summary_large_image\" \/>\n<meta name=\"twitter:label1\" content=\"Napisane przez\" \/>\n\t<meta name=\"twitter:data1\" content=\"autor\" \/>\n\t<meta name=\"twitter:label2\" content=\"Szacowany czas czytania\" \/>\n\t<meta name=\"twitter:data2\" content=\"1 minuta\" \/>\n<script type=\"application\/ld+json\" class=\"yoast-schema-graph\">{\"@context\":\"https:\/\/schema.org\",\"@graph\":[{\"@type\":\"Article\",\"@id\":\"https:\/\/www.parafia.rudyszwald.pl\/index.php\/2025\/10\/31\/odpust-zupelny-za-bliskich-zmarlych\/#article\",\"isPartOf\":{\"@id\":\"https:\/\/www.parafia.rudyszwald.pl\/index.php\/2025\/10\/31\/odpust-zupelny-za-bliskich-zmarlych\/\"},\"author\":{\"name\":\"autor\",\"@id\":\"https:\/\/www.parafia.rudyszwald.pl\/#\/schema\/person\/eb159108ad8344c6f9788dffff106b65\"},\"headline\":\"Odpust zupe\u0142ny za bliskich zmar\u0142ych\",\"datePublished\":\"2025-10-31T22:31:40+00:00\",\"dateModified\":\"2025-10-31T22:31:42+00:00\",\"mainEntityOfPage\":{\"@id\":\"https:\/\/www.parafia.rudyszwald.pl\/index.php\/2025\/10\/31\/odpust-zupelny-za-bliskich-zmarlych\/\"},\"wordCount\":119,\"publisher\":{\"@id\":\"https:\/\/www.parafia.rudyszwald.pl\/#organization\"},\"articleSection\":[\"wszystkie aktualno\u015bci\"],\"inLanguage\":\"pl-PL\"},{\"@type\":\"WebPage\",\"@id\":\"https:\/\/www.parafia.rudyszwald.pl\/index.php\/2025\/10\/31\/odpust-zupelny-za-bliskich-zmarlych\/\",\"url\":\"https:\/\/www.parafia.rudyszwald.pl\/index.php\/2025\/10\/31\/odpust-zupelny-za-bliskich-zmarlych\/\",\"name\":\"Odpust zupe\u0142ny za bliskich zmar\u0142ych - Parafia Tr\u00f3jcy \u015awi\u0119tej w Rudyszwa\u0142dzie\",\"isPartOf\":{\"@id\":\"https:\/\/www.parafia.rudyszwald.pl\/#website\"},\"datePublished\":\"2025-10-31T22:31:40+00:00\",\"dateModified\":\"2025-10-31T22:31:42+00:00\",\"breadcrumb\":{\"@id\":\"https:\/\/www.parafia.rudyszwald.pl\/index.php\/2025\/10\/31\/odpust-zupelny-za-bliskich-zmarlych\/#breadcrumb\"},\"inLanguage\":\"pl-PL\",\"potentialAction\":[{\"@type\":\"ReadAction\",\"target\":[\"https:\/\/www.parafia.rudyszwald.pl\/index.php\/2025\/10\/31\/odpust-zupelny-za-bliskich-zmarlych\/\"]}]},{\"@type\":\"BreadcrumbList\",\"@id\":\"https:\/\/www.parafia.rudyszwald.pl\/index.php\/2025\/10\/31\/odpust-zupelny-za-bliskich-zmarlych\/#breadcrumb\",\"itemListElement\":[{\"@type\":\"ListItem\",\"position\":1,\"name\":\"Strona g\u0142\u00f3wna\",\"item\":\"https:\/\/www.parafia.rudyszwald.pl\/\"},{\"@type\":\"ListItem\",\"position\":2,\"name\":\"Odpust zupe\u0142ny za bliskich zmar\u0142ych\"}]},{\"@type\":\"WebSite\",\"@id\":\"https:\/\/www.parafia.rudyszwald.pl\/#website\",\"url\":\"https:\/\/www.parafia.rudyszwald.pl\/\",\"name\":\"Parafia Tr\u00f3jcy \u015awi\u0119tej w Rudyszwa\u0142dzie\",\"description\":\"Parafia Rudyszwa\u0142d\",\"publisher\":{\"@id\":\"https:\/\/www.parafia.rudyszwald.pl\/#organization\"},\"potentialAction\":[{\"@type\":\"SearchAction\",\"target\":{\"@type\":\"EntryPoint\",\"urlTemplate\":\"https:\/\/www.parafia.rudyszwald.pl\/?s={search_term_string}\"},\"query-input\":\"required name=search_term_string\"}],\"inLanguage\":\"pl-PL\"},{\"@type\":\"Organization\",\"@id\":\"https:\/\/www.parafia.rudyszwald.pl\/#organization\",\"name\":\"Parafia Tr\u00f3jcy \u015awi\u0119tej w Rudyszwa\u0142dzie\",\"url\":\"https:\/\/www.parafia.rudyszwald.pl\/\",\"logo\":{\"@type\":\"ImageObject\",\"inLanguage\":\"pl-PL\",\"@id\":\"https:\/\/www.parafia.rudyszwald.pl\/#\/schema\/logo\/image\/\",\"url\":\"https:\/\/www.parafia.rudyszwald.pl\/wp-content\/uploads\/2019\/07\/IMG_1_DxO-copy-\u2014-kopia2-\u2014-kopia-2.jpg\",\"contentUrl\":\"https:\/\/www.parafia.rudyszwald.pl\/wp-content\/uploads\/2019\/07\/IMG_1_DxO-copy-\u2014-kopia2-\u2014-kopia-2.jpg\",\"width\":464,\"height\":711,\"caption\":\"Parafia Tr\u00f3jcy \u015awi\u0119tej w Rudyszwa\u0142dzie\"},\"image\":{\"@id\":\"https:\/\/www.parafia.rudyszwald.pl\/#\/schema\/logo\/image\/\"}},{\"@type\":\"Person\",\"@id\":\"https:\/\/www.parafia.rudyszwald.pl\/#\/schema\/person\/eb159108ad8344c6f9788dffff106b65\",\"name\":\"autor\",\"url\":\"https:\/\/www.parafia.rudyszwald.pl\/index.php\/author\/rudyszwald\/\"}]}<\/script>\n<!-- \/ Yoast SEO plugin. -->","yoast_head_json":{"title":"Odpust zupe\u0142ny za bliskich zmar\u0142ych - Parafia Tr\u00f3jcy \u015awi\u0119tej w Rudyszwa\u0142dzie","robots":{"index":"index","follow":"follow","max-snippet":"max-snippet:-1","max-image-preview":"max-image-preview:large","max-video-preview":"max-video-preview:-1"},"canonical":"https:\/\/www.parafia.rudyszwald.pl\/index.php\/2025\/10\/31\/odpust-zupelny-za-bliskich-zmarlych\/","og_locale":"pl_PL","og_type":"article","og_title":"Odpust zupe\u0142ny za bliskich zmar\u0142ych - Parafia Tr\u00f3jcy \u015awi\u0119tej w Rudyszwa\u0142dzie","og_description":"W Uroczysto\u015b\u0107 Wszystkich \u015awi\u0119tych zapraszamy na Msze \u015awi\u0119te o godzinie 8.00 oraz 10.00. Jednocze\u015bnie zach\u0119camy do stara\u0144 o uzyskanie odpustu zupe\u0142nego za zmar\u0142ych. Wierni kt\u00f3rzy pobo\u017cnie nawiedz\u0105 cmentarz w dniach od 1 do 8 listopada i spe\u0142ni\u0105 poni\u017csze warunki, mog\u0105 ka\u017cdego dnia uzyska\u0107 odpust zupe\u0142ny za osob\u0119 zmar\u0142\u0105. Mo\u017cna goRead More","og_url":"https:\/\/www.parafia.rudyszwald.pl\/index.php\/2025\/10\/31\/odpust-zupelny-za-bliskich-zmarlych\/","og_site_name":"Parafia Tr\u00f3jcy \u015awi\u0119tej w Rudyszwa\u0142dzie","article_published_time":"2025-10-31T22:31:40+00:00","article_modified_time":"2025-10-31T22:31:42+00:00","og_image":[{"width":640,"height":427,"url":"https:\/\/www.parafia.rudyszwald.pl\/wp-content\/uploads\/2025\/10\/floral-arrangement-7565923_640.jpg","type":"image\/jpeg"}],"author":"autor","twitter_card":"summary_large_image","twitter_misc":{"Napisane przez":"autor","Szacowany czas czytania":"1 minuta"},"schema":{"@context":"https:\/\/schema.org","@graph":[{"@type":"Article","@id":"https:\/\/www.parafia.rudyszwald.pl\/index.php\/2025\/10\/31\/odpust-zupelny-za-bliskich-zmarlych\/#article","isPartOf":{"@id":"https:\/\/www.parafia.rudyszwald.pl\/index.php\/2025\/10\/31\/odpust-zupelny-za-bliskich-zmarlych\/"},"author":{"name":"autor","@id":"https:\/\/www.parafia.rudyszwald.pl\/#\/schema\/person\/eb159108ad8344c6f9788dffff106b65"},"headline":"Odpust zupe\u0142ny za bliskich zmar\u0142ych","datePublished":"2025-10-31T22:31:40+00:00","dateModified":"2025-10-31T22:31:42+00:00","mainEntityOfPage":{"@id":"https:\/\/www.parafia.rudyszwald.pl\/index.php\/2025\/10\/31\/odpust-zupelny-za-bliskich-zmarlych\/"},"wordCount":119,"publisher":{"@id":"https:\/\/www.parafia.rudyszwald.pl\/#organization"},"articleSection":["wszystkie aktualno\u015bci"],"inLanguage":"pl-PL"},{"@type":"WebPage","@id":"https:\/\/www.parafia.rudyszwald.pl\/index.php\/2025\/10\/31\/odpust-zupelny-za-bliskich-zmarlych\/","url":"https:\/\/www.parafia.rudyszwald.pl\/index.php\/2025\/10\/31\/odpust-zupelny-za-bliskich-zmarlych\/","name":"Odpust zupe\u0142ny za bliskich zmar\u0142ych - Parafia Tr\u00f3jcy \u015awi\u0119tej w Rudyszwa\u0142dzie","isPartOf":{"@id":"https:\/\/www.parafia.rudyszwald.pl\/#website"},"datePublished":"2025-10-31T22:31:40+00:00","dateModified":"2025-10-31T22:31:42+00:00","breadcrumb":{"@id":"https:\/\/www.parafia.rudyszwald.pl\/index.php\/2025\/10\/31\/odpust-zupelny-za-bliskich-zmarlych\/#breadcrumb"},"inLanguage":"pl-PL","potentialAction":[{"@type":"ReadAction","target":["https:\/\/www.parafia.rudyszwald.pl\/index.php\/2025\/10\/31\/odpust-zupelny-za-bliskich-zmarlych\/"]}]},{"@type":"BreadcrumbList","@id":"https:\/\/www.parafia.rudyszwald.pl\/index.php\/2025\/10\/31\/odpust-zupelny-za-bliskich-zmarlych\/#breadcrumb","itemListElement":[{"@type":"ListItem","position":1,"name":"Strona g\u0142\u00f3wna","item":"https:\/\/www.parafia.rudyszwald.pl\/"},{"@type":"ListItem","position":2,"name":"Odpust zupe\u0142ny za bliskich zmar\u0142ych"}]},{"@type":"WebSite","@id":"https:\/\/www.parafia.rudyszwald.pl\/#website","url":"https:\/\/www.parafia.rudyszwald.pl\/","name":"Parafia Tr\u00f3jcy \u015awi\u0119tej w Rudyszwa\u0142dzie","description":"Parafia Rudyszwa\u0142d","publisher":{"@id":"https:\/\/www.parafia.rudyszwald.pl\/#organization"},"potentialAction":[{"@type":"SearchAction","target":{"@type":"EntryPoint","urlTemplate":"https:\/\/www.parafia.rudyszwald.pl\/?s={search_term_string}"},"query-input":"required name=search_term_string"}],"inLanguage":"pl-PL"},{"@type":"Organization","@id":"https:\/\/www.parafia.rudyszwald.pl\/#organization","name":"Parafia Tr\u00f3jcy \u015awi\u0119tej w Rudyszwa\u0142dzie","url":"https:\/\/www.parafia.rudyszwald.pl\/","logo":{"@type":"ImageObject","inLanguage":"pl-PL","@id":"https:\/\/www.parafia.rudyszwald.pl\/#\/schema\/logo\/image\/","url":"https:\/\/www.parafia.rudyszwald.pl\/wp-content\/uploads\/2019\/07\/IMG_1_DxO-copy-\u2014-kopia2-\u2014-kopia-2.jpg","contentUrl":"https:\/\/www.parafia.rudyszwald.pl\/wp-content\/uploads\/2019\/07\/IMG_1_DxO-copy-\u2014-kopia2-\u2014-kopia-2.jpg","width":464,"height":711,"caption":"Parafia Tr\u00f3jcy \u015awi\u0119tej w Rudyszwa\u0142dzie"},"image":{"@id":"https:\/\/www.parafia.rudyszwald.pl\/#\/schema\/logo\/image\/"}},{"@type":"Person","@id":"https:\/\/www.parafia.rudyszwald.pl\/#\/schema\/person\/eb159108ad8344c6f9788dffff106b65","name":"autor","url":"https:\/\/www.parafia.rudyszwald.pl\/index.php\/author\/rudyszwald\/"}]}},"jetpack_featured_media_url":"https:\/\/www.parafia.rudyszwald.pl\/wp-content\/uploads\/2025\/10\/floral-arrangement-7565923_640.jpg","_links":{"self":[{"href":"https:\/\/www.parafia.rudyszwald.pl\/index.php\/wp-json\/wp\/v2\/posts\/5001"}],"collection":[{"href":"https:\/\/www.parafia.rudyszwald.pl\/index.php\/wp-json\/wp\/v2\/posts"}],"about":[{"href":"https:\/\/www.parafia.rudyszwald.pl\/index.php\/wp-json\/wp\/v2\/types\/post"}],"author":[{"embeddable":true,"href":"https:\/\/www.parafia.rudyszwald.pl\/index.php\/wp-json\/wp\/v2\/users\/1"}],"replies":[{"embeddable":true,"href":"https:\/\/www.parafia.rudyszwald.pl\/index.php\/wp-json\/wp\/v2\/comments?post=5001"}],"version-history":[{"count":7,"href":"https:\/\/www.parafia.rudyszwald.pl\/index.php\/wp-json\/wp\/v2\/posts\/5001\/revisions"}],"predecessor-version":[{"id":5009,"href":"https:\/\/www.parafia.rudyszwald.pl\/index.php\/wp-json\/wp\/v2\/posts\/5001\/revisions\/5009"}],"wp:featuredmedia":[{"embeddable":true,"href":"https:\/\/www.parafia.rudyszwald.pl\/index.php\/wp-json\/wp\/v2\/media\/5002"}],"wp:attachment":[{"href":"https:\/\/www.parafia.rudyszwald.pl\/index.php\/wp-json\/wp\/v2\/media?parent=5001"}],"wp:term":[{"taxonomy":"category","embeddable":true,"href":"https:\/\/www.parafia.rudyszwald.pl\/index.php\/wp-json\/wp\/v2\/categories?post=5001"},{"taxonomy":"post_tag","embeddable":true,"href":"https:\/\/www.parafia.rudyszwald.pl\/index.php\/wp-json\/wp\/v2\/tags?post=5001"}],"curies":[{"name":"wp","href":"https:\/\/api.w.org\/{rel}","templated":true}]}}